{"id":283923,"date":"2025-07-30T09:04:09","date_gmt":"2025-07-30T09:04:09","guid":{"rendered":"https:\/\/www.europesays.com\/fr\/283923\/"},"modified":"2025-07-30T09:04:09","modified_gmt":"2025-07-30T09:04:09","slug":"son-dernier-appartement-a-paris-un-havre-de-paix-au-coeur-de-la-capitale","status":"publish","type":"post","link":"https:\/\/www.europesays.com\/fr\/283923\/","title":{"rendered":"Son dernier appartement \u00e0 Paris, un havre de paix au c\u0153ur de la capitale"},"content":{"rendered":"<p>L&rsquo;ic\u00f4ne franco-britannique Jane Birkin s\u2019est \u00e9teinte \u00e0 l\u2019\u00e2ge de 76 ans le 16 juillet 2023, dans son appartement parisien situ\u00e9 au 50, rue d\u2019Assas. Nich\u00e9 dans le tr\u00e8s pris\u00e9 6e arrondissement, ce logement jouissait d\u2019un emplacement d\u2019exception, \u00e0 quelques pas du jardin du Luxembourg et de l&rsquo;\u00e9l\u00e9gant quartier de Saint-Germain-des-Pr\u00e9s.<\/p>\n<p>\u00a0<\/p>\n<p><strong>Une fin discr\u00e8te pour une artiste d\u00e9licate<\/strong><\/p>\n<p>Apr\u00e8s une derni\u00e8re apparition publique au mariage de son petit-fils Ben Attal, le 1er juillet 2023, Jane Birkin a succomb\u00e9 \u00e0 un accident vasculaire c\u00e9r\u00e9bral deux semaines plus tard. C\u2019est son auxiliaire de vie qui l\u2019a retrouv\u00e9e sans vie, paisiblement assise dans un fauteuil. Ses filles, Charlotte Gainsbourg et Lou Doillon, ont r\u00e9v\u00e9l\u00e9 qu\u2019elle livrait une \u00ab bataille acharn\u00e9e contre la maladie \u00bb depuis 16 ans.<\/p>\n<p>Elles ont \u00e9galement d\u00e9clar\u00e9 : \u00ab Depuis quelques jours, elle marchait de nouveau, \u00e9tait motiv\u00e9e de reprogrammer son Olympia et avait d\u00e9cid\u00e9 de reprendre son ind\u00e9pendance. Ce premier soir seule aura \u00e9t\u00e9 le dernier. Elle l\u2019avait d\u00e9cid\u00e9. \u00bb<\/p>\n<p>\u00a0<\/p>\n<p><strong>Un lieu intime et lumineux, malgr\u00e9 sa simplicit\u00e9<\/strong><\/p>\n<p>Bien plus modeste que son ancienne demeure dans le 16e arrondissement, cet appartement de plain-pied \u00e9tait n\u00e9anmoins cher au c\u0153ur de Jane Birkin. Elle s\u2019y sentait proche de la nature gr\u00e2ce \u00e0 un petit coin de verdure priv\u00e9, un privil\u00e8ge rare dans le centre de Paris. Elle y appr\u00e9ciait la lumi\u00e8re naturelle et le calme, dans une ambiance presque villageoise au sein de la ville.<\/p>\n<p>\u00a0<\/p>\n<p><strong>Un quartier qui l\u2019aimait profond\u00e9ment<\/strong><\/p>\n<p>La disparition de Jane Birkin a profond\u00e9ment \u00e9mu les habitants du quartier. De nombreux voisins ont tenu \u00e0 saluer sa m\u00e9moire, soulignant sa simplicit\u00e9 et son \u00e9l\u00e9gance. Malgr\u00e9 sa c\u00e9l\u00e9brit\u00e9, elle restait accessible, toujours polie, souriante et discr\u00e8te. Elle faisait partie int\u00e9grante du paysage local, \u00e0 la fois l\u00e9gende et figure famili\u00e8re.<\/p>\n<p>\u00a0<\/p>\n<p><strong>Des tentatives d\u2019effraction apr\u00e8s sa mort<\/strong><\/p>\n<p>Quelques jours apr\u00e8s son d\u00e9c\u00e8s, l\u2019appartement de Jane Birkin a \u00e9t\u00e9 la cible de tentatives de cambriolage. Ce type d\u2019\u00e9v\u00e9nement malheureux survient malheureusement souvent lorsqu\u2019un lieu embl\u00e9matique devient soudainement inoccup\u00e9. Ces incidents ont renforc\u00e9 le sentiment d\u2019injustice et de tristesse chez les riverains.<\/p>\n<p>\u00a0<\/p>\n<p><strong>Des obs\u00e8ques empreintes d\u2019\u00e9motion<\/strong><\/p>\n<p>Les fun\u00e9railles de l\u2019artiste se sont d\u00e9roul\u00e9es le 24 juillet 2023 \u00e0 l\u2019\u00e9glise Saint-Roch, un lieu symbolique pour de nombreuses figures du monde artistique. Famille, proches et personnalit\u00e9s publiques y \u00e9taient r\u00e9unis pour rendre un dernier hommage \u00e0 celle qui incarna l\u2019\u00e9l\u00e9gance franco-britannique, entre audace et douceur.<\/p>\n<p>\u00a0<\/p>\n<p><strong>Une biographie marqu\u00e9e par l\u2019amour et la cr\u00e9ativit\u00e9<\/strong><\/p>\n<p>Plus qu\u2019une chanteuse ou une actrice, Jane Birkin repr\u00e9sentait une \u00e9poque, un style, une sensibilit\u00e9. Engag\u00e9e, libre, fragile et forte \u00e0 la fois, elle a marqu\u00e9 plusieurs g\u00e9n\u00e9rations. Son parcours personnel, notamment en tant que m\u00e8re de Charlotte Gainsbourg et Lou Doillon, a \u00e9galement contribu\u00e9 \u00e0 forger son image de femme r\u00e9solument moderne et profond\u00e9ment humaine.<\/p>\n<p>\u00a0<\/p>\n<p><strong>Caract\u00e9ristiques de son dernier appartement<\/strong><\/p>\n<p>&#13;<br \/>\n\t&#13;<\/p>\n<tr>&#13;<br \/>\n\t\t\t\u00c9l\u00e9ment&#13;<br \/>\n\t\t\tD\u00e9tail&#13;<br \/>\n\t\t<\/tr>\n<p>&#13;<\/p>\n<tr>&#13;<\/p>\n<td style=\"border-color:black; border-style:solid; border-width:2px\">Adresse<\/td>\n<p>&#13;<\/p>\n<td style=\"border-color:black; border-style:solid; border-width:2px\">50, rue d\u2019Assas, 75006 Paris<\/td>\n<p>&#13;<br \/>\n\t\t<\/tr>\n<p>&#13;<\/p>\n<tr>&#13;<\/p>\n<td style=\"border-color:black; border-style:solid; border-width:2px\">Arrondissement<\/td>\n<p>&#13;<\/p>\n<td style=\"border-color:black; border-style:solid; border-width:2px\">6e, Paris Rive Gauche<\/td>\n<p>&#13;<br \/>\n\t\t<\/tr>\n<p>&#13;<\/p>\n<tr>&#13;<\/p>\n<td style=\"border-color:black; border-style:solid; border-width:2px\">Proximit\u00e9<\/td>\n<p>&#13;<\/p>\n<td style=\"border-color:black; border-style:solid; border-width:2px\">Jardin du Luxembourg, Saint-Germain-des-Pr\u00e9s<\/td>\n<p>&#13;<br \/>\n\t\t<\/tr>\n<p>&#13;<\/p>\n<tr>&#13;<\/p>\n<td style=\"border-color:black; border-style:solid; border-width:2px\">Particularit\u00e9<\/td>\n<p>&#13;<\/p>\n<td style=\"border-color:black; border-style:solid; border-width:2px\">Petit jardin priv\u00e9 lumineux<\/td>\n<p>&#13;<br \/>\n\t\t<\/tr>\n<p>&#13;<\/p>\n<tr>&#13;<\/p>\n<td style=\"border-color:black; border-style:solid; border-width:2px\">Statut<\/td>\n<p>&#13;<\/p>\n<td style=\"border-color:black; border-style:solid; border-width:2px\">R\u00e9sidence principale jusqu&rsquo;\u00e0 son d\u00e9c\u00e8s<\/td>\n<p>&#13;<br \/>\n\t\t<\/tr>\n<p>&#13;<br \/>\n\t&#13;<\/p>\n<p>\u00a0<\/p>\n<p><strong>Un h\u00e9ritage culturel inestimable<\/strong><\/p>\n<p>Le d\u00e9c\u00e8s de Jane Birkin ne marque pas seulement la perte d\u2019une personnalit\u00e9 publique, mais aussi d\u2019un pan entier de l\u2019histoire artistique franco-britannique. Son appartement, d\u00e9sormais vide, demeure un lieu de m\u00e9moire silencieuse, reflet d\u2019une femme engag\u00e9e, raffin\u00e9e et profond\u00e9ment aim\u00e9e.<\/p>\n<p>\u00a0<\/p>\n<p><strong>Jane Birkin, \u00e9ternelle dans les c\u0153urs<\/strong><\/p>\n<p>La trace laiss\u00e9e par Jane Birkin d\u00e9passe largement les murs de son appartement parisien. Elle incarne une sensibilit\u00e9 artistique unique, un lien franco-britannique rare et une \u00e9l\u00e9gance intemporelle. Son dernier lieu de vie t\u00e9moigne de sa simplicit\u00e9, de sa recherche de lumi\u00e8re et de paix, jusqu\u2019\u00e0 son dernier souffle.<\/p>\n","protected":false},"excerpt":{"rendered":"L&rsquo;ic\u00f4ne franco-britannique Jane Birkin s\u2019est \u00e9teinte \u00e0 l\u2019\u00e2ge de 76 ans le 16 juillet 2023, dans son appartement&hellip;\n","protected":false},"author":2,"featured_media":283924,"comment_status":"","ping_status":"","sticky":false,"template":"","format":"standard","meta":{"footnotes":""},"categories":[1888],"tags":[1111,1928,11,1927,42303,2369,42304,1777,674,1011,27,38150,40436,3754,10159,500,12,1926,626,1925,39931,25,42307,42305,42306],"class_list":{"0":"post-283923","1":"post","2":"type-post","3":"status-publish","4":"format-standard","5":"has-post-thumbnail","7":"category-paris","8":"tag-actu","9":"tag-actu-paris","10":"tag-actualites","11":"tag-actualites-paris","12":"tag-appartement-paris","13":"tag-audience-tv","14":"tag-deces-jane-birkin","15":"tag-eu","16":"tag-europe","17":"tag-fr","18":"tag-france","19":"tag-jane-birkin","20":"tag-jardin-du-luxembourg","21":"tag-media","22":"tag-mediametrie","23":"tag-medias","24":"tag-news","25":"tag-news-paris","26":"tag-paris","27":"tag-paris-news","28":"tag-programme-tv-hier-soir","29":"tag-republique-francaise","30":"tag-residence-jane-birkin","31":"tag-rue-dassas","32":"tag-saint-germain-des-pres"},"share_on_mastodon":{"url":"https:\/\/pubeurope.com\/@fr\/114941386123855439","error":""},"_links":{"self":[{"href":"https:\/\/www.europesays.com\/fr\/wp-json\/wp\/v2\/posts\/283923","targetHints":{"allow":["GET"]}}],"collection":[{"href":"https:\/\/www.europesays.com\/fr\/wp-json\/wp\/v2\/posts"}],"about":[{"href":"https:\/\/www.europesays.com\/fr\/wp-json\/wp\/v2\/types\/post"}],"author":[{"embeddable":true,"href":"https:\/\/www.europesays.com\/fr\/wp-json\/wp\/v2\/users\/2"}],"replies":[{"embeddable":true,"href":"https:\/\/www.europesays.com\/fr\/wp-json\/wp\/v2\/comments?post=283923"}],"version-history":[{"count":0,"href":"https:\/\/www.europesays.com\/fr\/wp-json\/wp\/v2\/posts\/283923\/revisions"}],"wp:featuredmedia":[{"embeddable":true,"href":"https:\/\/www.europesays.com\/fr\/wp-json\/wp\/v2\/media\/283924"}],"wp:attachment":[{"href":"https:\/\/www.europesays.com\/fr\/wp-json\/wp\/v2\/media?parent=283923"}],"wp:term":[{"taxonomy":"category","embeddable":true,"href":"https:\/\/www.europesays.com\/fr\/wp-json\/wp\/v2\/categories?post=283923"},{"taxonomy":"post_tag","embeddable":true,"href":"https:\/\/www.europesays.com\/fr\/wp-json\/wp\/v2\/tags?post=283923"}],"curies":[{"name":"wp","href":"https:\/\/api.w.org\/{rel}","templated":true}]}}