{"id":283931,"date":"2025-07-30T09:08:10","date_gmt":"2025-07-30T09:08:10","guid":{"rendered":"https:\/\/www.europesays.com\/fr\/283931\/"},"modified":"2025-07-30T09:08:10","modified_gmt":"2025-07-30T09:08:10","slug":"guerre-en-ukraine-un-nouveau-drone-naval-russe-inconnu-bientot-mis-en-service-il-serait-capable-de-detruire-un-navire-ennemi","status":"publish","type":"post","link":"https:\/\/www.europesays.com\/fr\/283931\/","title":{"rendered":"Guerre en Ukraine\u00a0: un nouveau drone naval russe \u00ab\u00a0inconnu\u00a0\u00bb bient\u00f4t mis en service\u00a0? Il serait \u00ab\u00a0capable de d\u00e9truire un navire ennemi\u00a0\u00bb"},"content":{"rendered":"<p class=\"ap-StoryElement ap-StoryElement--mb js-paywall-target ap-StoryText\">Moscou a partag\u00e9 une vid\u00e9o de ce tour de force, dans lesquelles on aper\u00e7oit un drone naval, inconnu des experts, en pleine op\u00e9ration dans la mer Baltique, comme expliquent <a href=\"https:\/\/www.leparisien.fr\/international\/ukraine\/guerre-en-ukraine-la-russie-teste-un-nouveau-drone-naval-inconnu-mais-puissant-capable-de-detruire-un-navire-ennemi-29-07-2025-RC4JLJKHWFAU5PKPRGXOVQCDUE.php\" target=\"_blank\" rel=\"noopener\">nos confr\u00e8res du Parisien.<\/a><\/p>\n<p><a href=\"https:\/\/www.lalibre.be\/international\/europe\/guerre-ukraine-russie\/2025\/07\/27\/guerre-en-ukraine-une-grande-parade-navale-russe-annulee-pour-des-raisons-de-securite-FUVJGDSCKBCXPETJMEVAY2OJBM\/\" target=\"_blank\" rel=\"noopener noreferrer\" class=\"ap-StoryInterstitialLink ap-StoryElement ap-StoryElement--mb\">Guerre en Ukraine: une grande parade navale russe annul\u00e9e pour des \u00ab\u00a0raisons de s\u00e9curit\u00e9\u00a0\u00bb<\/a><\/p>\n<p class=\"ap-StoryElement ap-StoryElement--mb ap-StoryText\">Sur les images, on aper\u00e7oit un drone orange de forme allong\u00e9e, se diriger vers un navire de guerre factice et le heurter. S&rsquo;ensuit une forte d\u00e9flagration, et le bateau explose.<\/p>\n<p class=\"ap-StoryElement ap-StoryElement--mb ap-StoryText\">La vid\u00e9o montre que l&rsquo;engin est dot\u00e9 d&rsquo;une cam\u00e9ra en direct. En effet, sur les images, on se rend compte que l&rsquo;appareil est un <a href=\"https:\/\/www.lalibre.be\/international\/europe\/guerre-ukraine-russie\/2025\/07\/17\/guerre-en-ukraine-quest-ce-quursula-le-nouveau-drone-aquatique-kamikaze-mis-au-point-par-kiev-dans-sa-course-technologique-avec-moscou-ZFMRKWUXUJH5DFQJ26LSFTLF2Y\/\" target=\"_blank\" rel=\"noopener\">drone First Person View (FPV), <\/a>c&rsquo;est-\u00e0-dire qu&rsquo;il permet au pilote de voir ce que le drone voit en temps r\u00e9el comme s&rsquo;il \u00e9tait \u00e0 bord.<\/p>\n<p>\u00ab\u00a0Puissante charge de combat\u00a0\u00bb<\/p>\n<p class=\"ap-StoryElement ap-StoryElement--mb ap-StoryText\">Moscou n&rsquo;a fourni aucun d\u00e9tail technique sur l&rsquo;appareil, ni sur sa date de mise en service. Selon le site sp\u00e9cialis\u00e9 <a href=\"https:\/\/militarnyi.com\/en\/news\/russians-test-naval-strike-drone-during-july-storm-exercises\/\" target=\"_self\" rel=\"noopener\">Militarnyi<\/a> et plusieurs experts, ce drone est encore \u00ab\u00a0inconnu\u00a0\u00bb, mais est \u00e9quip\u00e9 d&rsquo;une \u00ab\u00a0puissante charge pour le combat\u00a0\u00bb.<\/p>\n<p class=\"ap-StoryElement ap-StoryElement--mb ap-StoryText\">Pour Louis Duclos, analyste g\u00e9opolitique, la charge utilis\u00e9e est \u00ab\u00a0impressionnante\u00a0\u00bb, mais le drone est toutefois pour l&rsquo;instant assez lent. \u00ab\u00a0Le temps qu&rsquo;il s&rsquo;approche d&rsquo;une cible, il serait probablement d\u00e9truit avant de la toucher\u00a0\u00bb, explique le sp\u00e9cialiste des questions de D\u00e9fense sur le r\u00e9seau X.<\/p>\n<p class=\"ap-StoryElement ap-StoryElement--mb ap-StoryText\">\u00ab\u00a0N\u00e9anmoins, les attaques de drones fonctionnent par saturation. En combinant des vecteurs a\u00e9riens et navals, cela va saturer les syst\u00e8mes de d\u00e9fense des navires qui, dans la panique et l&rsquo;action, risquent d&rsquo;en laisser passer un\u00a0\u00bb, ajoute l&rsquo;expert.<\/p>\n<p class=\"ap-StoryElement ap-StoryElement--mb ap-StoryText\">Les images montrent d&rsquo;ailleurs que des drones a\u00e9riens ont aussi pris part aux op\u00e9rations.<\/p>\n<p class=\"ap-StoryElement ap-StoryElement--mb ap-StoryText\">Selon Louis Duclos, l&rsquo;appareil est encore loin d&rsquo;\u00eatre au point, mais la Russie se donne les moyens de ses ambitions.<\/p>\n<p class=\"ap-StoryElement ap-StoryElement--mb ap-StoryText\">\u00ab\u00a0Au vu de la lenteur du drone sur la vid\u00e9o, m\u00eame s&rsquo;il y en a 10 qui font des zig-zags dans l&rsquo;eau, j&rsquo;ai du mal \u00e0 les imaginer toucher une cible comme une fr\u00e9gate ou un porte-avions et son groupe a\u00e9ronaval. Apr\u00e8s ce qu&rsquo;il faut voir c&rsquo;est que c&rsquo;est encore en cours d&rsquo;exp\u00e9rimentation et que la charge qu&rsquo;ils arrivent \u00e0 mettre sur le drone est impressionnante. Ce qui est certain, c&rsquo;est que la Russie met les moyens pour d\u00e9velopper de nouvelles armes l\u00e0 o\u00f9 l&rsquo;Europe \u2013 et notamment la France \u2013 patauge encore \u00e0 simplement augmenter les budgets de d\u00e9fense\u00a0\u00bb, conclut-il.<\/p>\n<p><a href=\"https:\/\/www.lalibre.be\/international\/europe\/guerre-ukraine-russie\/2025\/07\/17\/guerre-en-ukraine-quest-ce-quursula-le-nouveau-drone-aquatique-kamikaze-mis-au-point-par-kiev-dans-sa-course-technologique-avec-moscou-ZFMRKWUXUJH5DFQJ26LSFTLF2Y\/\" target=\"_blank\" rel=\"noopener noreferrer\" class=\"ap-StoryInterstitialLink ap-StoryElement ap-StoryElement--mb\">Guerre en Ukraine : qu&rsquo;est-ce qu&rsquo;Ursula, le nouveau drone aquatique \u00ab\u00a0kamikaze\u00a0\u00bb mis au point par Kiev dans sa course technologique avec Moscou ?<\/a><\/p>\n","protected":false},"excerpt":{"rendered":"Moscou a partag\u00e9 une vid\u00e9o de ce tour de force, dans lesquelles on aper\u00e7oit un drone naval, inconnu&hellip;\n","protected":false},"author":2,"featured_media":283932,"comment_status":"","ping_status":"","sticky":false,"template":"","format":"standard","meta":{"footnotes":""},"categories":[1590],"tags":[11,2122,1777,674,12,220],"class_list":{"0":"post-283931","1":"post","2":"type-post","3":"status-publish","4":"format-standard","5":"has-post-thumbnail","7":"category-ukraine","8":"tag-actualites","9":"tag-conflit-russie-ukraine","10":"tag-eu","11":"tag-europe","12":"tag-news","13":"tag-ukraine"},"share_on_mastodon":{"url":"https:\/\/pubeurope.com\/@fr\/114941401777539166","error":""},"_links":{"self":[{"href":"https:\/\/www.europesays.com\/fr\/wp-json\/wp\/v2\/posts\/283931","targetHints":{"allow":["GET"]}}],"collection":[{"href":"https:\/\/www.europesays.com\/fr\/wp-json\/wp\/v2\/posts"}],"about":[{"href":"https:\/\/www.europesays.com\/fr\/wp-json\/wp\/v2\/types\/post"}],"author":[{"embeddable":true,"href":"https:\/\/www.europesays.com\/fr\/wp-json\/wp\/v2\/users\/2"}],"replies":[{"embeddable":true,"href":"https:\/\/www.europesays.com\/fr\/wp-json\/wp\/v2\/comments?post=283931"}],"version-history":[{"count":0,"href":"https:\/\/www.europesays.com\/fr\/wp-json\/wp\/v2\/posts\/283931\/revisions"}],"wp:featuredmedia":[{"embeddable":true,"href":"https:\/\/www.europesays.com\/fr\/wp-json\/wp\/v2\/media\/283932"}],"wp:attachment":[{"href":"https:\/\/www.europesays.com\/fr\/wp-json\/wp\/v2\/media?parent=283931"}],"wp:term":[{"taxonomy":"category","embeddable":true,"href":"https:\/\/www.europesays.com\/fr\/wp-json\/wp\/v2\/categories?post=283931"},{"taxonomy":"post_tag","embeddable":true,"href":"https:\/\/www.europesays.com\/fr\/wp-json\/wp\/v2\/tags?post=283931"}],"curies":[{"name":"wp","href":"https:\/\/api.w.org\/{rel}","templated":true}]}}