{"id":283933,"date":"2025-07-30T09:09:12","date_gmt":"2025-07-30T09:09:12","guid":{"rendered":"https:\/\/www.europesays.com\/fr\/283933\/"},"modified":"2025-07-30T09:09:12","modified_gmt":"2025-07-30T09:09:12","slug":"etats-unis-le-senat-approuve-la-nomination-comme-juge-dun-ancien-avocat-de-donald-trump","status":"publish","type":"post","link":"https:\/\/www.europesays.com\/fr\/283933\/","title":{"rendered":"\u00c9tats-Unis : le S\u00e9nat approuve la nomination comme juge d&rsquo;un ancien avocat de Donald Trump"},"content":{"rendered":"<p>Il n&rsquo;a recueilli que 50 des 53 voix des \u00e9lus r\u00e9publicains &#8211; sur 100 s\u00e9nateurs au total. Emil Bove faisait partie des trois avocats personnels de Donald Trump que le pr\u00e9sident am\u00e9ricain a plac\u00e9s aux postes strat\u00e9giques du minist\u00e8re de la Justice, dont il \u00e9tait le num\u00e9ro 3. \u00ab\u00a0F\u00e9licitations \u00e0 notre cher ami Emil Bove\u00a0\u00bb pour sa nomination \u00e0 la cour d&rsquo;appel couvrant une partie de l&rsquo;est du pays (la Pennsylvanie, le New Jersey et le Delaware), a r\u00e9agi sur X la ministre de la Justice Pam Bondi.<\/p>\n<p>L&rsquo;influent s\u00e9nateur d\u00e9mocrate Dick Durbin a en revanche d\u00e9plor\u00e9 dans un communiqu\u00e9 \u00ab\u00a0un choix \u00e9pouvantable\u00a0\u00bb pour cette cour d&rsquo;appel f\u00e9d\u00e9rale et une \u00ab\u00a0grave erreur de la part de ses coll\u00e8gues r\u00e9publicains\u00a0\u00bb, soulignant qu&rsquo;il s&rsquo;agissait d&rsquo;une nomination \u00e0 vie. Il a rappel\u00e9 <a href=\"https:\/\/www.rtbf.be\/article\/la-justice-classe-l-affaire-de-corruption-visant-le-maire-de-new-york-eric-adams-11527337\" rel=\"nofollow noopener\" target=\"_blank\">son intervention pour ordonner aux procureurs de New York d&rsquo;abandonner des poursuites pour corruption contre le maire<\/a>, qui avait suscit\u00e9 une cascade de d\u00e9missions au sein du parquet f\u00e9d\u00e9ral de la premi\u00e8re ville des \u00c9tats-Unis.<\/p>\n<p>Les auditions en vue de sa nomination avaient \u00e9t\u00e9 particuli\u00e8rement mouvement\u00e9es, en raison en particulier de t\u00e9moignages de lanceurs d&rsquo;alerte. L&rsquo;un d&rsquo;eux, un procureur r\u00e9cemment limog\u00e9 par le minist\u00e8re de la Justice, avait affirm\u00e9 qu&rsquo;Emil Bove s&rsquo;\u00e9tait montr\u00e9 pr\u00eat \u00e0 ignorer des d\u00e9cisions de justice afin d&rsquo;appliquer <a href=\"https:\/\/www.rtbf.be\/article\/11474630\" rel=\"nofollow noopener\" target=\"_blank\">la politique d&rsquo;expulsions massives d&rsquo;immigr\u00e9s en situation irr\u00e9guli\u00e8re voulue par Donald Trump<\/a>.<\/p>\n<p>Les critiques \u00e9manaient non seulement de l&rsquo;opposition d\u00e9mocrate, mais aussi de l&rsquo;institution judiciaire elle-m\u00eame.<\/p>\n","protected":false},"excerpt":{"rendered":"Il n&rsquo;a recueilli que 50 des 53 voix des \u00e9lus r\u00e9publicains &#8211; sur 100 s\u00e9nateurs au total. Emil&hellip;\n","protected":false},"author":2,"featured_media":283934,"comment_status":"","ping_status":"","sticky":false,"template":"","format":"standard","meta":{"footnotes":""},"categories":[1589],"tags":[11,73,1866,12,1864,1865,1863,308],"class_list":{"0":"post-283933","1":"post","2":"type-post","3":"status-publish","4":"format-standard","5":"has-post-thumbnail","7":"category-etats-unis","8":"tag-actualites","9":"tag-etats-unis","10":"tag-etats-unis-damerique","11":"tag-news","12":"tag-united-states","13":"tag-united-states-of-america","14":"tag-us","15":"tag-usa"},"share_on_mastodon":{"url":"https:\/\/pubeurope.com\/@fr\/114941405628373530","error":""},"_links":{"self":[{"href":"https:\/\/www.europesays.com\/fr\/wp-json\/wp\/v2\/posts\/283933","targetHints":{"allow":["GET"]}}],"collection":[{"href":"https:\/\/www.europesays.com\/fr\/wp-json\/wp\/v2\/posts"}],"about":[{"href":"https:\/\/www.europesays.com\/fr\/wp-json\/wp\/v2\/types\/post"}],"author":[{"embeddable":true,"href":"https:\/\/www.europesays.com\/fr\/wp-json\/wp\/v2\/users\/2"}],"replies":[{"embeddable":true,"href":"https:\/\/www.europesays.com\/fr\/wp-json\/wp\/v2\/comments?post=283933"}],"version-history":[{"count":0,"href":"https:\/\/www.europesays.com\/fr\/wp-json\/wp\/v2\/posts\/283933\/revisions"}],"wp:featuredmedia":[{"embeddable":true,"href":"https:\/\/www.europesays.com\/fr\/wp-json\/wp\/v2\/media\/283934"}],"wp:attachment":[{"href":"https:\/\/www.europesays.com\/fr\/wp-json\/wp\/v2\/media?parent=283933"}],"wp:term":[{"taxonomy":"category","embeddable":true,"href":"https:\/\/www.europesays.com\/fr\/wp-json\/wp\/v2\/categories?post=283933"},{"taxonomy":"post_tag","embeddable":true,"href":"https:\/\/www.europesays.com\/fr\/wp-json\/wp\/v2\/tags?post=283933"}],"curies":[{"name":"wp","href":"https:\/\/api.w.org\/{rel}","templated":true}]}}