{"id":283937,"date":"2025-07-30T09:11:15","date_gmt":"2025-07-30T09:11:15","guid":{"rendered":"https:\/\/www.europesays.com\/fr\/283937\/"},"modified":"2025-07-30T09:11:15","modified_gmt":"2025-07-30T09:11:15","slug":"apres-deux-annees-de-recession-lallemagne-peine-a-sortir-la-tete-de-leau-et-voit-son-economie-replonger-de-maniere-inattendue-au-2e-trimestre","status":"publish","type":"post","link":"https:\/\/www.europesays.com\/fr\/283937\/","title":{"rendered":"Apr\u00e8s deux ann\u00e9es de r\u00e9cession, l&rsquo;Allemagne peine \u00e0 sortir la t\u00eate de l&rsquo;eau et voit son \u00e9conomie replonger de mani\u00e8re inattendue au 2e trimestre"},"content":{"rendered":"<p>L&rsquo;\u00e9conomie allemande a replong\u00e9 au deuxi\u00e8me trimestre apr\u00e8s une hausse du PIB en d\u00e9but d&rsquo;ann\u00e9e, selon une premi\u00e8re estimation publi\u00e9e ce mercredi 30 juillet. Un mauvais signe pour le pays qui esp\u00e8re se sortir de deux ann\u00e9es de r\u00e9cession cons\u00e9cutives.<\/p>\n<p>Coup dur pour l&rsquo;Allemagne. Apr\u00e8s une <a href=\"https:\/\/www.bfmtv.com\/economie\/economie-social\/union-europeenne\/allemagne-la-croissance-au-premier-trimestre-revisee-en-hausse_AD-202505230196.html\" title=\"Allemagne: la croissance au premier trimestre r\u00e9vis\u00e9e en hausse\" class=\"internal_link\" rel=\"nofollow noopener\" target=\"_blank\">hausse en d\u00e9but d&rsquo;ann\u00e9e<\/a>, le PIB a replong\u00e9 au second trimestre, d&rsquo;apr\u00e8s une premi\u00e8re estimation publi\u00e9e ce mercredi 30 juillet. Un mauvais signe pour le pays qui esp\u00e8re se sortir de deux ann\u00e9es de r\u00e9cession cons\u00e9cutives.<\/p>\n<p>Entre avril et juin, le Produit int\u00e9rieur brut allemand a en effet recul\u00e9 de 0,1% selon l&rsquo;institut Destatis, tandis que les analystes de la plateforme Factset et de la Bundesbank s&rsquo;attendaient \u00e0 une stagnation. La croissance du premier trimestre a aussi \u00e9t\u00e9 revue \u00e0 la baisse, passant de 0,4% \u00e0 0,3%.<\/p>\n<p>Les effets d&rsquo;anticipation des droits de douane am\u00e9ricains, qui avaient dop\u00e9 l&rsquo;activit\u00e9 au premier trimestre, semblent avoir disparu. Ainsi, le PIB allemand, apathique depuis plusieurs ann\u00e9es en raison d&rsquo;une crise industrielle et de son mod\u00e8le exportateur, retrouve de facto son niveau pr\u00e9-Covid, selon le cabinet Capital Economics.<\/p>\n<p>\u00ab\u00a0Apr\u00e8s quelques bons chiffres, c&rsquo;est donc \u00e0 nouveau une d\u00e9ception pour l&rsquo;\u00e9conomie allemande\u00a0\u00bb, estime Jens-Oliver Niklasch de la banque LBBW. Il ajoute que les barri\u00e8res commerciales \u00e9rig\u00e9es par les Etats-Unis, premier partenaire commercial de l&rsquo;Allemagne, \u00ab\u00a0ont probablement fait des ravages\u00a0\u00bb, bien que la premi\u00e8re estimation de Destatis ne soit pas explicite. \u00ab\u00a0Cela ne signifie pas pour autant que la reprise soit compromise\u00a0\u00bb, nuance Geraldine Dany-Knedlik de l&rsquo;institut DIW.<\/p>\n<p>Les droits de douane de Trump causeront des \u00ab\u00a0dommages importants\u00a0\u00bb<\/p>\n<p>Elle rel\u00e8ve une embellie du climat des affaires et de la production dans le secteur manufacturier, tandis que l&rsquo;accord entre Bruxelles et Washington apportera une \u00ab\u00a0plus grande s\u00e9curit\u00e9 de planification\u00a0\u00bb. L&rsquo;UE et les \u00c9tats-Unis se sont mis d&rsquo;accord sur des droits de douane de 15% sur les importations europ\u00e9ennes, avec des exemptions \u00e0 venir pour certains secteurs.<\/p>\n<p>Ces surtaxes causeront des \u00ab\u00a0<a href=\"https:\/\/www.bfmtv.com\/economie\/international\/il-n-etait-possible-d-obtenir-davantage-le-chancelier-allemand-merz-fataliste-face-a-l-accord-qui-causera-des-dommages-importants_AD-202507280438.html\" title=\"&quot;Il n&#039;\u00e9tait possible d&#039;obtenir davantage&quot;: le chancelier allemand Merz fataliste face \u00e0 l&#039;accord qui causera des &quot;dommages importants&quot;\" class=\"internal_link\" rel=\"nofollow noopener\" target=\"_blank\">dommages importants<\/a>\u00a0\u00bb \u00e0 l&rsquo;\u00e9conomie allemande tr\u00e8s d\u00e9pendante des exportations, a reconnu lundi le chancelier Friedrich Merz Mardi, le Fonds Mon\u00e9taire international a indiqu\u00e9 s&rsquo;attendre \u00e0 une hausse du PIB de 0,1% en Allemagne, contre une stagnation auparavant, estimant que l&rsquo;\u00e9conomie mondiale r\u00e9sistera mieux que pr\u00e9vu aux conflits commerciaux.<\/p>\n<p>Mais cette pr\u00e9vision ne tient pas en compte l&rsquo;accord douanier de la semaine derni\u00e8re, de m\u00eame que celle du gouvernement allemand qui table sur une stagnation de l&rsquo;\u00e9conomie en 2025. La crise de l&rsquo;industrie allemande, entre prix de l&rsquo;\u00e9nergie \u00e9lev\u00e9 et perte de terrain face aux concurrents chinois est un d\u00e9fi majeur pour le gouvernement de Friedrich Merz, entr\u00e9 en fonction d\u00e9but mai.<\/p>\n<p>Le chancelier compte sur un effort budg\u00e9taire cons\u00e9quent pour relancer l&rsquo;\u00e9conomie, avec une enveloppe de plusieurs centaines de milliards d&rsquo;euros destin\u00e9e \u00e0 moderniser la d\u00e9fense et les infrastructures, dont les effets devraient se faire sentir sur la croissance en 2026.<\/p>\n<p>Croissance meilleure qu&rsquo;attendu en France<\/p>\n<p>Sur la m\u00eame p\u00e9riode, <a href=\"https:\/\/www.bfmtv.com\/economie\/economie-social\/les-menages-se-remettent-enfin-a-consommer-la-croissance-du-pib-est-meilleure-qu-attendu-a-0-3_AD-202507300132.html\" title=\"Les m\u00e9nages se remettent enfin \u00e0 consommer, la croissance du PIB est meilleure qu\u2019attendu \u00e0 0,3%\" class=\"internal_link\" rel=\"nofollow noopener\" target=\"_blank\">la croissance \u00e9conomique fran\u00e7aise cr\u00e9e aussi la surprise<\/a>, atteignant 0,3% au deuxi\u00e8me trimestre. Tir\u00e9 par les stcoks et un l\u00e9ger rebond de la consommation des m\u00e9nages selon l&rsquo;Insee, le PIB fran\u00e7ais est donc meilleur qu&rsquo;anticip\u00e9, l&rsquo;Institut national de la statistique tablant initialement sur uen croissance de 0,2% apr\u00e8s +0,1% au premier trimestre.<\/p>\n","protected":false},"excerpt":{"rendered":"L&rsquo;\u00e9conomie allemande a replong\u00e9 au deuxi\u00e8me trimestre apr\u00e8s une hausse du PIB en d\u00e9but d&rsquo;ann\u00e9e, selon une premi\u00e8re&hellip;\n","protected":false},"author":2,"featured_media":56955,"comment_status":"","ping_status":"","sticky":false,"template":"","format":"standard","meta":{"footnotes":""},"categories":[1587],"tags":[11,672,1804,1805,1803,1777,674,1801,12,1802],"class_list":{"0":"post-283937","1":"post","2":"type-post","3":"status-publish","4":"format-standard","5":"has-post-thumbnail","7":"category-allemagne","8":"tag-actualites","9":"tag-allemagne","10":"tag-bundesrepublik-deutschland","11":"tag-de","12":"tag-deutschland","13":"tag-eu","14":"tag-europe","15":"tag-germany","16":"tag-news","17":"tag-republique-federale-dallemagne"},"share_on_mastodon":{"url":"https:\/\/pubeurope.com\/@fr\/114941413480819854","error":""},"_links":{"self":[{"href":"https:\/\/www.europesays.com\/fr\/wp-json\/wp\/v2\/posts\/283937","targetHints":{"allow":["GET"]}}],"collection":[{"href":"https:\/\/www.europesays.com\/fr\/wp-json\/wp\/v2\/posts"}],"about":[{"href":"https:\/\/www.europesays.com\/fr\/wp-json\/wp\/v2\/types\/post"}],"author":[{"embeddable":true,"href":"https:\/\/www.europesays.com\/fr\/wp-json\/wp\/v2\/users\/2"}],"replies":[{"embeddable":true,"href":"https:\/\/www.europesays.com\/fr\/wp-json\/wp\/v2\/comments?post=283937"}],"version-history":[{"count":0,"href":"https:\/\/www.europesays.com\/fr\/wp-json\/wp\/v2\/posts\/283937\/revisions"}],"wp:featuredmedia":[{"embeddable":true,"href":"https:\/\/www.europesays.com\/fr\/wp-json\/wp\/v2\/media\/56955"}],"wp:attachment":[{"href":"https:\/\/www.europesays.com\/fr\/wp-json\/wp\/v2\/media?parent=283937"}],"wp:term":[{"taxonomy":"category","embeddable":true,"href":"https:\/\/www.europesays.com\/fr\/wp-json\/wp\/v2\/categories?post=283937"},{"taxonomy":"post_tag","embeddable":true,"href":"https:\/\/www.europesays.com\/fr\/wp-json\/wp\/v2\/tags?post=283937"}],"curies":[{"name":"wp","href":"https:\/\/api.w.org\/{rel}","templated":true}]}}