{"id":283948,"date":"2025-07-30T09:17:25","date_gmt":"2025-07-30T09:17:25","guid":{"rendered":"https:\/\/www.europesays.com\/fr\/283948\/"},"modified":"2025-07-30T09:17:25","modified_gmt":"2025-07-30T09:17:25","slug":"liv-golf-plusieurs-grands-noms-menaces-de-relegation-a-deux-tournois-de-la-fin","status":"publish","type":"post","link":"https:\/\/www.europesays.com\/fr\/283948\/","title":{"rendered":"LIV Golf : plusieurs grands noms menac\u00e9s de rel\u00e9gation \u00e0 deux tournois de la fin"},"content":{"rendered":"<p>\t\t\t\t\t\t<img width=\"770\" height=\"556\" src=\"https:\/\/www.europesays.com\/fr\/wp-content\/uploads\/2025\/07\/ian-poulter-770x556.jpg\" class=\"img-responsive wp-post-image\" alt=\"Ian Poulter Photo by Ross Kinnaird\/Getty Images\" decoding=\"async\" fetchpriority=\"high\"  \/>\t\t\t\t\t<\/p>\n<p>\t\t\t\t\t\t Partager cet article <\/p>\n<p class=\"screen-reader-text juiz_sps_maybe_hidden_text\">Partager la publication \u00ab\u00a0LIV Golf : plusieurs grands noms menac\u00e9s de rel\u00e9gation \u00e0 deux tournois de la fin\u00a0\u00bb<\/p>\n<p><strong>\u00c0 deux \u00e9tapes de la fin de saison, plusieurs joueurs du LIV Golf \u2013 dont des figures bien connues \u2013 risquent la rel\u00e9gation. La lutte pour rester dans la ligue s\u2019intensifie.<\/strong><\/p>\n<p>\t\t\t\t\t<a id=\"174987\" href=\"https:\/\/www.sudfrancegolf.com\/fr\/\" target=\"_blank\" rel=\"sponsorised nofollow noopener\"><img decoding=\"async\" src=\"data:image\/svg+xml,%3Csvg%20xmlns=\" http:=\"\" class=\"img-responsive\" alt=\"\" data-lazy-src=\"https:\/\/www.europesays.com\/fr\/wp-content\/uploads\/2025\/06\/giesudfrancegolf-e02-egolf-pass-2025-v2-1170x275-1.gif\"\/><\/a><\/p>\n<p>Alors que la saison 2025 du<strong> LIV Golf<\/strong>\u00a0approche de son d\u00e9nouement, plusieurs joueurs bien connus du grand public sont en grand danger de rel\u00e9gation. Avec seulement deux tournois individuels \u00e0 disputer \u2013 \u00e0 Chicago puis \u00e0 Indianapolis \u2013 avant la grande finale par \u00e9quipes dans le Michigan (22-24 ao\u00fbt), le suspense est total dans les bas-fonds du classement.<\/p>\n<p>\t\t\t\t\t<a id=\"178032\" href=\"https:\/\/www.golfy.fr\/landing\/golf-planete-decouvrez-les-golfs-collections-du-reseau-golfy?utm_source=golf_planete&amp;utm_medium=display&amp;utm_campaign=golfs_collection_2025\" target=\"_blank\" rel=\"sponsorised nofollow noopener\"><img decoding=\"async\" src=\"data:image\/svg+xml,%3Csvg%20xmlns=\" http:=\"\" class=\"img-responsive\" alt=\"\" data-lazy-src=\"https:\/\/www.europesays.com\/fr\/wp-content\/uploads\/2025\/06\/golfy-e06-golfs-collection-france-ete-1170x275-1.jpg\"\/><\/a><br \/>\nTrois zones\u00a0<\/p>\n<p>Le <strong>LIV Golf<\/strong> a mis en place un syst\u00e8me en trois zones pour d\u00e9terminer l\u2019avenir des joueurs dans la ligue :<\/p>\n<p><strong>Lock Zone <\/strong>: les 24 premiers du classement sont assur\u00e9s de conserver leur place pour la saison suivante.<\/p>\n<p><strong>Open Zone<\/strong> : les joueurs class\u00e9s de la 25e \u00e0 la 48e place restent dans la ligue, mais leur \u00e9quipe actuelle n\u2019est pas oblig\u00e9e de les conserver si leur contrat expire.<\/p>\n<p><strong>Relegation Zone<\/strong> : au-del\u00e0 de la 48e place, c\u2019est la rel\u00e9gation pure et simple. Les joueurs devront alors regagner leur place via les International Series ou les cartes.<\/p>\n<p>En 2023, avec 48 joueurs sur le circuit, il fallait terminer au moins 44e pour \u00e9viter la rel\u00e9gation. Depuis 2024, le champ a \u00e9t\u00e9 \u00e9largi \u00e0 54 joueurs par tournoi avec l\u2019ajout d\u2019une \u00e9quipe et de deux wild cards, mais les r\u00e8gles sont plus strictes : seuls les 48 premiers du classement g\u00e9n\u00e9ral final sont prot\u00e9g\u00e9s.<\/p>\n<p>\t\t\t\t\t<a id=\"178042\" href=\"https:\/\/leclub-golf.com\/fr\/actualites\/team-sud-ouest-vs-team-sud-est-le-duel-de-lete?utm_source=golf+planete&amp;utm_medium=referral&amp;utm_campaign=team+sud&amp;utm_id=team+sud_golf+planete_referral_banner\" target=\"_blank\" rel=\"sponsorised nofollow noopener\"><img decoding=\"async\" src=\"data:image\/svg+xml,%3Csvg%20xmlns=\" http:=\"\" class=\"img-responsive\" alt=\"\" data-lazy-src=\"https:\/\/www.europesays.com\/fr\/wp-content\/uploads\/2025\/07\/leclubgolf-e08-duel-teams-1170x275-1.png\"\/><\/a><br \/>\nDes t\u00eates d\u2019affiche en difficult\u00e9<\/p>\n<p>Actuellement, <strong>Andy Ogletree<\/strong> (<strong>HyFlyers GC<\/strong>) occupe la 48e place avec 4,93 points. Juste derri\u00e8re, une dizaine de joueurs, dont des noms prestigieux, luttent pour leur survie dans la ligue. Parmi eux, <strong>Ian Poulter<\/strong> (51e, 4,5 points), capitaine des <strong>Majesticks<\/strong> et figure embl\u00e9matique du golf mondial, joue peut-\u00eatre ses derni\u00e8res cartes sur le circuit. Le Chilien <strong>Mito Pereira<\/strong> (53e, 0,6 points), consid\u00e9r\u00e9 comme une \u00e9toile montante au moment de son arriv\u00e9e, vit une saison noire.<\/p>\n<p><a href=\"https:\/\/www.livgolf.com\/standings\" target=\"_blank\" rel=\"noopener nofollow\">Le classement complet<\/a><\/p>\n<p>M\u00eame constat pour <strong>Anthony Kim<\/strong> (55e, 0 point), dont le retour tant attendu sur les greens n\u2019a pas encore port\u00e9 ses fruits. Il dispose cependant d\u2019un statut particulier. \u00c0 noter que quatre des six nouvelles recrues de la saison 2025 figurent \u00e9galement dans la zone rouge.<\/p>\n<p>\t\t\t\t<img loading=\"lazy\" decoding=\"async\" src=\"data:image\/svg+xml,%3Csvg%20xmlns=\" http:=\"\" attributionsrc=\"\" border=\"0\" height=\"1\" width=\"1\" alt=\"Advertisement\" data-lazy-src=\"https:\/\/www.europesays.com\/fr\/wp-content\/uploads\/2025\/05\/B33047934.421787844;dc_trk_aid=614154864;dc_trk_cid=235296214;ord=[timestamp];dc_lat=;dc_rdid=;tag_f.gif\"\/><\/p>\n<p>\t\t\t\t\t<a id=\"173261\" href=\"https:\/\/ad.doubleclick.net\/ddm\/trackclk\/N1153799.3770024GOLFPLANATE\/B33047934.421787844;dc_trk_aid=614154864;dc_trk_cid=235296214;dc_lat=;dc_rdid=;tag_for_child_directed_treatment=;tfua=;gdpr=${GDPR};gdpr_consent=${GDPR_CONSENT_755};ltd=;dc_tdv=1\" target=\"_blank\" rel=\"sponsorised nofollow noopener\"><img decoding=\"async\" src=\"data:image\/svg+xml,%3Csvg%20xmlns=\" http:=\"\" class=\"img-responsive\" alt=\"\" data-lazy-src=\"https:\/\/www.europesays.com\/fr\/wp-content\/uploads\/2025\/05\/callaway-e03-aione-square2square-1170x275-1.jpg\"\/><\/a><br \/>\nLe bas du classement g\u00e9n\u00e9ral<\/p>\n<p><img loading=\"lazy\" decoding=\"async\" class=\"alignnone wp-image-181148 size-image-largeur-770\" src=\"data:image\/svg+xml,%3Csvg%20xmlns=\" http:=\"\" alt=\"\" width=\"770\" height=\"920\" data-lazy- data-lazy- data-lazy-src=\"https:\/\/www.europesays.com\/fr\/wp-content\/uploads\/2025\/07\/capture-decran-2025-07-30-a-00.28.19-770x920.png\"\/><\/p>\n<p>\t\t\t\t\t<a id=\"178017\" href=\"https:\/\/www.formigolf.fr\/voyage-pays~jardin-de-tecina-4etoiles-la-gomera~75~canaries\" target=\"_blank\" rel=\"sponsorised nofollow noopener\"><img decoding=\"async\" src=\"data:image\/svg+xml,%3Csvg%20xmlns=\" http:=\"\" class=\"img-responsive\" alt=\"\" data-lazy-src=\"https:\/\/www.europesays.com\/fr\/wp-content\/uploads\/2025\/07\/formigolf-e07-canaries-gomera-1170x275-1.gif\"\/><\/a><\/p>\n<p>\u00a9Ross Kinnaird\/Getty Images<\/p>\n","protected":false},"excerpt":{"rendered":"Partager cet article Partager la publication \u00ab\u00a0LIV Golf : plusieurs grands noms menac\u00e9s de rel\u00e9gation \u00e0 deux tournois&hellip;\n","protected":false},"author":2,"featured_media":283949,"comment_status":"","ping_status":"","sticky":false,"template":"","format":"standard","meta":{"footnotes":""},"categories":[1418],"tags":[1011,27,1472,60],"class_list":{"0":"post-283948","1":"post","2":"type-post","3":"status-publish","4":"format-standard","5":"has-post-thumbnail","7":"category-golf","8":"tag-fr","9":"tag-france","10":"tag-golf","11":"tag-sports"},"share_on_mastodon":{"url":"https:\/\/pubeurope.com\/@fr\/114941437151760891","error":""},"_links":{"self":[{"href":"https:\/\/www.europesays.com\/fr\/wp-json\/wp\/v2\/posts\/283948","targetHints":{"allow":["GET"]}}],"collection":[{"href":"https:\/\/www.europesays.com\/fr\/wp-json\/wp\/v2\/posts"}],"about":[{"href":"https:\/\/www.europesays.com\/fr\/wp-json\/wp\/v2\/types\/post"}],"author":[{"embeddable":true,"href":"https:\/\/www.europesays.com\/fr\/wp-json\/wp\/v2\/users\/2"}],"replies":[{"embeddable":true,"href":"https:\/\/www.europesays.com\/fr\/wp-json\/wp\/v2\/comments?post=283948"}],"version-history":[{"count":0,"href":"https:\/\/www.europesays.com\/fr\/wp-json\/wp\/v2\/posts\/283948\/revisions"}],"wp:featuredmedia":[{"embeddable":true,"href":"https:\/\/www.europesays.com\/fr\/wp-json\/wp\/v2\/media\/283949"}],"wp:attachment":[{"href":"https:\/\/www.europesays.com\/fr\/wp-json\/wp\/v2\/media?parent=283948"}],"wp:term":[{"taxonomy":"category","embeddable":true,"href":"https:\/\/www.europesays.com\/fr\/wp-json\/wp\/v2\/categories?post=283948"},{"taxonomy":"post_tag","embeddable":true,"href":"https:\/\/www.europesays.com\/fr\/wp-json\/wp\/v2\/tags?post=283948"}],"curies":[{"name":"wp","href":"https:\/\/api.w.org\/{rel}","templated":true}]}}