{"id":283950,"date":"2025-07-30T09:19:14","date_gmt":"2025-07-30T09:19:14","guid":{"rendered":"https:\/\/www.europesays.com\/fr\/283950\/"},"modified":"2025-07-30T09:19:14","modified_gmt":"2025-07-30T09:19:14","slug":"top-14-on-a-forcement-envie-de-revivre-les-memes-emotions-a-bayonne-une-reprise-et-des-ambitions","status":"publish","type":"post","link":"https:\/\/www.europesays.com\/fr\/283950\/","title":{"rendered":"Top 14 \u2013 \u00ab\u00a0On a forc\u00e9ment envie de revivre les m\u00eames \u00e9motions\u00a0\u00bb\u00a0: \u00c0 Bayonne, une reprise et des ambitions"},"content":{"rendered":"<p>\n                Depuis lundi matin, soit cinq semaines apr\u00e8s leur d\u00e9faite en demi-finale du Top 14, les joueurs de l\u2019Aviron bayonnais sont de retour aux affaires. S\u2019ils sont conscients qu\u2019il faut tourner la page de la formidable aventure v\u00e9cue la saison pass\u00e9e, les partenaires d\u2019Arthur Iturria aimeraient \u00e0 nouveau batailler pour la qualification dans ce championnat.\n            <\/p>\n<p>Un gros mois s\u2019est \u00e9coul\u00e9 depuis que <strong><a href=\"https:\/\/www.rugbyrama.fr\/resultats\/rugby\/equipe\/8\/bayonne\" target=\"_self\" rel=\"nofollow noopener\">l\u2019Aviron bayonnais<\/a><\/strong> a termin\u00e9 une saison 2024-2025, qui restera dans les m\u00e9moires du c\u00f4t\u00e9 de Jean Dauger, puisque le club basque a acc\u00e9d\u00e9 pour la premi\u00e8re fois de son histoire \u00e0 la phase finale du Top 14. Tomb\u00e9s face au futur champion de France, les Basques ont pu profiter de cinq semaines de repos m\u00e9rit\u00e9es, pendant lesquelles ils ont re\u00e7u leur \u201clot de f\u00e9licitations\u201d, comme l\u2019explique Arthur Iturria, mais \u00e0 pr\u00e9sent, un nouveau d\u00e9fi les attend. Celui de la confirmation.<br \/>\u201cDans notre sport, quand c\u2019est mauvais, on a l\u2019habitude de passer tr\u00e8s vite \u00e0 autre chose, rappelle le capitaine ciel et blanc. Quand c\u2019est bon, il faut \u00eatre capable de le faire aussi. C\u2019est une chose qu\u2019il faudra appr\u00e9hender de mani\u00e8re rapide cette ann\u00e9e. Nous devons laisser ce que nous avons v\u00e9cu l\u2019an dernier dans un coin de notre t\u00eate, car \u00e7a fait partie de notre histoire, mais il faut en cr\u00e9er une nouvelle. C\u2019est \u00e7a le plus dur, mais on a forc\u00e9ment envie de revivre les m\u00eames \u00e9motions.\u201d<\/p>\n<p>        <img decoding=\"async\" class=\"std-img__img responsive-img\" src=\"https:\/\/www.europesays.com\/fr\/wp-content\/uploads\/2025\/07\/1753867153_626_image.jpg\" alt=\"L\u2019ancien ouvreur Camille Lopez a int\u00e9gr\u00e9 le staff cet \u00e9t\u00e9.\"\/><\/p>\n<p>                L\u2019ancien ouvreur Camille Lopez a int\u00e9gr\u00e9 le staff cet \u00e9t\u00e9.<br \/>\n                                    Midi Olympique &#8211; Pablo ORDAS<\/p>\n<p>Presque toutes les recrues sont l\u00e0<\/p>\n<p>Si Bayonne surprend et d\u00e9tonne depuis son retour dans l\u2019\u00e9lite, il y a trois ans, les ciel et blanc vont d\u00e9sormais \u00eatre attendus. En interne, tout le monde en est bien conscient. \u201cLes gens vont vouloir venir gagner ici, poursuit Iturria. Ce sera un objectif de saison pour certains, mais \u00e7a ne tient qu\u2019\u00e0 nous d\u2019essayer de garder \u00e7a, de l\u2019avoir en nous. Il faut que ce soit une culture, du plus jeune au plus ancien, m\u00eame s\u2019il n\u2019est l\u00e0 que depuis un an. Ici, il faut que \u00e7a reste imprenable. Les ambitions du club sont plus hautes qu\u2019\u00e0 une certaine \u00e9poque. Il faut qu\u2019on l\u2019ait en nous et qu\u2019on arrive \u00e0 le transmettre, le plus rapidement possible, \u00e0 tout le monde.\u201d \u00c0 ce titre, presque toutes les recrues sont \u00e0 pied d\u2019\u0153uvre sur les bords de Nive, puisque seuls Rob Leota et Alexandre Fischer manquent \u00e0 l\u2019appel. Le premier cit\u00e9 a jou\u00e9, la semaine derni\u00e8re, avec le \u201cfirst Nations\u00a0&amp; Pasifika XV\u201d face aux Lions (il a, d\u2019ailleurs, marqu\u00e9 un essai). Le second est en vacances apr\u00e8s la tourn\u00e9e avec l\u2019\u00e9quipe de France.<br \/>Emerick Setiano, Ewan Johnson et Ignacio Calles sont, eux, au travail avec le paquet d\u2019avants, alors qu\u2019Herschel Jantjies et Gareth Anscombe travaillent d\u00e9j\u00e0 leurs automatismes \u00e0 la charni\u00e8re. \u201cLes nouveaux arrivants, dont les Anglo-Saxons, se mettent en rythme, note Iturria. Nous n\u2019avons commenc\u00e9 l\u2019attaque que mardi, mais pour une premi\u00e8re s\u00e9ance, ce n\u2019\u00e9tait pas trop mal, m\u00eame s\u2019il y a eu un peu de d\u00e9chet. C\u2019est acceptable. Au fur et \u00e0 mesure, il faudra rentrer dans le vif du sujet, mais ce sont des gar\u00e7ons d\u2019exp\u00e9rience. Ils ont de la bouteille et vont apporter ce qu\u2019il faut \u00e0 notre \u00e9quipe, cette ann\u00e9e.\u201d<\/p>\n<p>        <img decoding=\"async\" class=\"std-img__img responsive-img\" src=\"https:\/\/www.europesays.com\/fr\/wp-content\/uploads\/2025\/07\/1753867154_484_image.jpg\" alt=\"Laurent Travers est, depuis le 1er\u00a0juillet, le nouveau directeur du rugby \u00e0 Bayonne.\"\/><\/p>\n<p>                Laurent Travers est, depuis le 1er\u00a0juillet, le nouveau directeur du rugby \u00e0 Bayonne.<br \/>\n                                    Midi Olympique &#8211; Pablo ORDAS<\/p>\n<p>Laurent Travers observe, Camille Lopez en action<\/p>\n<p>L\u2019autre nouveaut\u00e9, en cette fin du mois de juillet \u00e0 Bayonne, concerne les premiers pas de <strong><a href=\"https:\/\/www.rugbyrama.fr\/2025\/04\/17\/exclu-midol-top-14-camille-lopez-arretera-sa-carriere-des-cet-ete-12642686.php\" target=\"_self\" rel=\"nofollow noopener\">Camille Lopez en tant qu\u2019entra\u00eeneur adjoint de Gr\u00e9gory Patat<\/a><\/strong>. \u201c\u00c7a m\u2019a fait dr\u00f4le de le voir en blanc, sourit Iturria. Je pense qu\u2019il va s\u2019\u00e9panouir dans ce r\u00f4le, car c\u2019est quelqu\u2019un de passionn\u00e9. Il n\u2019y a donc pas de raison.\u201d Mardi matin, on a pu apercevoir l\u2019ancien ouvreur distiller ses conseils et animer les ateliers, au m\u00eame titre que les autres assistants du manager (Rey, Fraser, Abendanon, Barberena). Un peu plus loin, dans l\u2019en-but du terrain d\u2019entra\u00eenement, Laurent Travers observait la s\u00e9ance. Ce dernier est, depuis le 1er\u00a0juillet, le nouveau directeur du rugby de l\u2019Aviron bayonnais. Il a d\u2019ailleurs naturellement pris la parole devant le groupe professionnel \u00e0 l\u2019occasion de cette reprise. \u201cIl nous a pr\u00e9sent\u00e9 son r\u00f4le et nous a dit ce qu\u2019il attendait de l\u2019\u00e9quipe, en tant que directeur du rugby, raconte Iturria. Pour le moment, il est forc\u00e9ment en retrait, car il a un r\u00f4le plus global pour notre club et pour son environnement. Il a laiss\u00e9 la main \u00e0 Greg (Patat), car c\u2019est lui qui s\u2019occupe du sportif, c\u2019est le chef de notre \u00e9quipe.\u201d Et c\u2019est le technicien gersois qui \u00e9tait au milieu de la pelouse, en tenue de sport, pour coordonner les premi\u00e8res s\u00e9ances en ce d\u00e9but de semaine.<\/p>\n","protected":false},"excerpt":{"rendered":"Depuis lundi matin, soit cinq semaines apr\u00e8s leur d\u00e9faite en demi-finale du Top 14, les joueurs de l\u2019Aviron&hellip;\n","protected":false},"author":2,"featured_media":283951,"comment_status":"","ping_status":"","sticky":false,"template":"","format":"standard","meta":{"footnotes":""},"categories":[1416],"tags":[1011,27,479,1468,60],"class_list":{"0":"post-283950","1":"post","2":"type-post","3":"status-publish","4":"format-standard","5":"has-post-thumbnail","7":"category-rugby","8":"tag-fr","9":"tag-france","10":"tag-rugby","11":"tag-rugby-football","12":"tag-sports"},"share_on_mastodon":{"url":"https:\/\/pubeurope.com\/@fr\/114941445045752283","error":""},"_links":{"self":[{"href":"https:\/\/www.europesays.com\/fr\/wp-json\/wp\/v2\/posts\/283950","targetHints":{"allow":["GET"]}}],"collection":[{"href":"https:\/\/www.europesays.com\/fr\/wp-json\/wp\/v2\/posts"}],"about":[{"href":"https:\/\/www.europesays.com\/fr\/wp-json\/wp\/v2\/types\/post"}],"author":[{"embeddable":true,"href":"https:\/\/www.europesays.com\/fr\/wp-json\/wp\/v2\/users\/2"}],"replies":[{"embeddable":true,"href":"https:\/\/www.europesays.com\/fr\/wp-json\/wp\/v2\/comments?post=283950"}],"version-history":[{"count":0,"href":"https:\/\/www.europesays.com\/fr\/wp-json\/wp\/v2\/posts\/283950\/revisions"}],"wp:featuredmedia":[{"embeddable":true,"href":"https:\/\/www.europesays.com\/fr\/wp-json\/wp\/v2\/media\/283951"}],"wp:attachment":[{"href":"https:\/\/www.europesays.com\/fr\/wp-json\/wp\/v2\/media?parent=283950"}],"wp:term":[{"taxonomy":"category","embeddable":true,"href":"https:\/\/www.europesays.com\/fr\/wp-json\/wp\/v2\/categories?post=283950"},{"taxonomy":"post_tag","embeddable":true,"href":"https:\/\/www.europesays.com\/fr\/wp-json\/wp\/v2\/tags?post=283950"}],"curies":[{"name":"wp","href":"https:\/\/api.w.org\/{rel}","templated":true}]}}