{"id":283955,"date":"2025-07-30T09:23:10","date_gmt":"2025-07-30T09:23:10","guid":{"rendered":"https:\/\/www.europesays.com\/fr\/283955\/"},"modified":"2025-07-30T09:23:10","modified_gmt":"2025-07-30T09:23:10","slug":"un-point-pour-alpine-en-belgique-avant-la-hongrie-ce-week-end","status":"publish","type":"post","link":"https:\/\/www.europesays.com\/fr\/283955\/","title":{"rendered":"un point pour Alpine en Belgique avant la Hongrie ce week-end"},"content":{"rendered":"<p>            Par<br \/>\n        <strong><br \/>\n            <a href=\"https:\/\/actu.fr\/auteur\/philippe-beaufils\" title=\"Consulter tous les articles de Philippe Beaufils\" target=\"_blank\" rel=\"noopener\">Philippe Beaufils<\/a><br \/>\n        <\/strong><\/p>\n<p>        Publi\u00e9 le<\/p>\n<p>            30 juil. 2025 \u00e0 11h08        <\/p>\n<p>Apr\u00e8s avoir obtenu son meilleur r\u00e9sultat de la saison en Grande-Bretagne gr\u00e2ce \u00e0 <b>la sixi\u00e8me place de Pierre Gasly<\/b>, et apr\u00e8s deux semaines de travail, Alpine \u00e9tait en droit d\u2019aborder la reprise avec un certain optimisme. Malheureusement, le <b>Grand prix de Belgique <\/b>n\u2019a pas permis \u00e0 la marque de <a href=\"https:\/\/actu.fr\/les-informations-dieppoises\/\" target=\"_blank\" rel=\"noopener\">Dieppe<\/a> de retrouver le sourire m\u00eame si le pilote de Bois-Guillaume a grappill\u00e9 un point dimanche apr\u00e8s-midi apr\u00e8s une course encore plus que mouvement\u00e9e.<\/p>\n<p class=\" wall-content\">La petite coupure de deux semaines n\u2019a pas vraiment chang\u00e9 la donne en Formule 1. La saison est toujours domin\u00e9e par <b>McLaren qui a gagn\u00e9 son 10e Grand prix en 13 manches<\/b>, dimanche dernier en Belgique. Seul petit grain de sable, <b>le sprint a \u00e9t\u00e9 remport\u00e9 par Max Verstappen <\/b>qui a montr\u00e9 qu\u2019il \u00e9tait un v\u00e9ritable sp\u00e9cialiste de cet exercice.<\/p>\n<p class=\" wall-content\">C\u2019est ce qu\u2019il faut surtout retenir de ce week-end sur le circuit de Spa-Francorchamps o\u00f9 les Alpine n\u2019ont une nouvelle fois pas \u00e9t\u00e9 \u00e0 leur avantage et restent donc logiquement en queue de classement en ce qui concerne les constructeurs.<\/p>\n<p class=\" wall-content\">Ainsi, pour la marque au A fl\u00e9ch\u00e9, les ennuis ont commenc\u00e9 d\u00e8s la course sprint. En effet, alors que Pierre Gasly avait r\u00e9alis\u00e9 le huiti\u00e8me temps et pouvait esp\u00e9rer quelque chose de ce sprint, <b>une fuite d\u2019eau \u00e9tait d\u00e9tect\u00e9e sur sa monoplace<\/b>. Le Normand pensait alors ne pas prendre le d\u00e9part, mais il le prenait finalement avec deux tours de retard. Autant dire sans aucune ambition pour le classement, mais peut-\u00eatre pour des r\u00e9glages m\u00eame si, en proie au doute, il d\u00e9cidait d\u2019<b>abandonner un tour avant la fin.<\/b><\/p>\n<p class=\" wall-content\">Quant \u00e0 son partenaire, pas de miracle non plus puisque<b> Franco Colapinto<\/b>, apr\u00e8s une modification d\u2019aileron arri\u00e8re sous le r\u00e9gime de parc ferm\u00e9, est parti de la voie des stands et il s\u2019est finalement class\u00e9 19e.<\/p>\n<p>Vid\u00e9os : en ce moment sur Actu<\/p>\n<p class=\" wall-content\">Loin de ces consid\u00e9rations, tout s\u2019est pratiquement jou\u00e9 dans le premier tour pour ce sprint. Max Verstappen s\u2019est empar\u00e9 du fauteuil de leader aux d\u00e9pens de Piastri d\u00e8s le premier tour et il a ensuite r\u00e9sist\u00e9 aux McLaren pour s\u2019imposer. Le Hollandais s\u2019impose donc devant Oscar Piastri et Lando Norris qui conc\u00e8dent peu de points dans un classement du championnat du monde qu\u2019ils ma\u00eetrisent \u00e0 la perfection.<\/p>\n<p class=\" wall-content\">De plus, les deux pilotes McLaren vont mettre les choses au point le lendemain lors du Grand prix. Un Grand prix qui va conna\u00eetre encore pas mal de m\u00e9saventures du fait de la m\u00e9t\u00e9o. Ce n\u2019est pas un crachin normand, mais plut\u00f4t <b>des averses qui s\u2019abattent sur le circuit de Spa-Francorchamps<\/b>. Le d\u00e9part va donc \u00eatre retard\u00e9 et encore retard\u00e9 pour finalement \u00eatre donn\u00e9 une heure vingt apr\u00e8s son horaire initial. Et encore avec les quatre premiers tours effectu\u00e9s derri\u00e8re safety car.<\/p>\n<p>Gasly r\u00e9siste pour rester dixi\u00e8me<\/p>\n<p class=\" wall-content\">Par la suite, Oscar Piastri va s\u2019inspirer de la tactique de Verstappen la veille lors du sprint pour faire le plus difficile. Deuxi\u00e8me sur la grille de d\u00e9part, le pilote australien r\u00e9alise le meilleur d\u00e9part pour s\u2019emparer de la premi\u00e8re place. Il ne la quittera pratiquement plus, montrant ses qualit\u00e9s pour choisir les bonnes options pour les changements de pneumatiques. C\u2019est le <b>sixi\u00e8me succ\u00e8s de la saison pour Oscar Piastri <\/b>qui devance son co\u00e9quipier Lando Norris sur qui il augmente son avance au championnat du monde (266 points contre 250). Derri\u00e8re, la lutte aura \u00e9t\u00e9 belle aussi pour la troisi\u00e8me place et c\u2019est finalement Charles Leclerc qui devance Verstappen et monte sur le podium.<\/p>\n<p class=\" wall-content\">Concernant Alpine, la satisfaction vient de voir <b>Pierre Gasly \u00eatre le seul Fran\u00e7ais \u00e0 finir dans le Top\u00a010<\/b> ce dimanche. \u00c9limin\u00e9 en Q2 lors des qualifications, le Bois-Guillaumais s\u2019est donc \u00e9lanc\u00e9 de la 13e place. Il a ensuite plut\u00f4t bien man\u0153uvr\u00e9 et bien g\u00e9r\u00e9 les arr\u00eats au stand. Il pointe au dixi\u00e8me rang \u00e0 partir du 35e tour et d\u00e8s lors, il va s\u2019y accrocher. Il r\u00e9siste bien aux assauts notamment de Bearman et H\u00fclkenberg pour rester dans le Top\u00a010 sur la ligne d\u2019arriv\u00e9e. Cela lui rapporte un point, un petit point, mais c\u2019est d\u00e9j\u00e0 \u00e7a pour Alpine dans le contexte actuel.<\/p>\n<p class=\" wall-content\">Alors Pierre Gasly a ensuite qualifi\u00e9 ce Grand prix comme une des courses les plus dures qu\u2019il a eu \u00e0 accomplir, surtout au vu des conditions.<\/p>\n<p class=\" wall-content\">De son c\u00f4t\u00e9,<b> Franco Colapinto n\u2019a pas encore v\u00e9cu un grand week-end.<\/b> \u00c9limin\u00e9 d\u00e8s la Q1, l\u2019Argentin part en 15e position sur la ligne de d\u00e9part suite \u00e0 des p\u00e9nalit\u00e9s touchant plusieurs pilotes. Cependant il termine encore <b>19e comme lors de la course sprint.<\/b><\/p>\n<p class=\" wall-content\">Ce week-end, place au Grand prix de Hongrie avant une tr\u00eave de plusieurs semaines, la saison de Formule 1 reprenant le 31 ao\u00fbt aux Pays-Bas. Un dernier effort donc pour tous les pilotes en particulier Pierre Gasly et Franco Colapinto qui aimeraient finir cette partie de saison sur une note positive pour Alpine.<\/p>\n<p class=\" wall-content\">Suivez toute l\u2019actualit\u00e9 de vos villes et m\u00e9dias favoris en vous inscrivant \u00e0 <a href=\"https:\/\/moncompte.actu.fr\" title=\"D\u00e9couvez Mon Actu\" rel=\"nofollow noopener\" data-trk=\"{&quot;cta&quot;:{&quot;action&quot;:&quot;https:\\\/\\\/moncompte.actu.fr&quot;,&quot;category&quot;:&quot;mon compte&quot;,&quot;from&quot;:&quot;article footer&quot;,&quot;name&quot;:&quot;Mon actu&quot;,&quot;type&quot;:&quot;cta&quot;}}\" target=\"_blank\">Mon Actu<\/a>.<\/p>\n","protected":false},"excerpt":{"rendered":"Par Philippe Beaufils Publi\u00e9 le 30 juil. 2025 \u00e0 11h08 Apr\u00e8s avoir obtenu son meilleur r\u00e9sultat de la&hellip;\n","protected":false},"author":2,"featured_media":283956,"comment_status":"","ping_status":"","sticky":false,"template":"","format":"standard","meta":{"footnotes":""},"categories":[1412],"tags":[2674,646,1451,1452,1453,1454,1455,1011,27,517,60,10200],"class_list":{"0":"post-283955","1":"post","2":"type-post","3":"status-publish","4":"format-standard","5":"has-post-thumbnail","7":"category-f1","8":"tag-alpine","9":"tag-automobile","10":"tag-f1","11":"tag-formula-1","12":"tag-formula1","13":"tag-formule-1","14":"tag-formule1","15":"tag-fr","16":"tag-france","17":"tag-sport","18":"tag-sports","19":"tag-sports-mecaniques"},"share_on_mastodon":{"url":"https:\/\/pubeurope.com\/@fr\/114941460710321969","error":""},"_links":{"self":[{"href":"https:\/\/www.europesays.com\/fr\/wp-json\/wp\/v2\/posts\/283955","targetHints":{"allow":["GET"]}}],"collection":[{"href":"https:\/\/www.europesays.com\/fr\/wp-json\/wp\/v2\/posts"}],"about":[{"href":"https:\/\/www.europesays.com\/fr\/wp-json\/wp\/v2\/types\/post"}],"author":[{"embeddable":true,"href":"https:\/\/www.europesays.com\/fr\/wp-json\/wp\/v2\/users\/2"}],"replies":[{"embeddable":true,"href":"https:\/\/www.europesays.com\/fr\/wp-json\/wp\/v2\/comments?post=283955"}],"version-history":[{"count":0,"href":"https:\/\/www.europesays.com\/fr\/wp-json\/wp\/v2\/posts\/283955\/revisions"}],"wp:featuredmedia":[{"embeddable":true,"href":"https:\/\/www.europesays.com\/fr\/wp-json\/wp\/v2\/media\/283956"}],"wp:attachment":[{"href":"https:\/\/www.europesays.com\/fr\/wp-json\/wp\/v2\/media?parent=283955"}],"wp:term":[{"taxonomy":"category","embeddable":true,"href":"https:\/\/www.europesays.com\/fr\/wp-json\/wp\/v2\/categories?post=283955"},{"taxonomy":"post_tag","embeddable":true,"href":"https:\/\/www.europesays.com\/fr\/wp-json\/wp\/v2\/tags?post=283955"}],"curies":[{"name":"wp","href":"https:\/\/api.w.org\/{rel}","templated":true}]}}