{"id":283959,"date":"2025-07-30T09:25:11","date_gmt":"2025-07-30T09:25:11","guid":{"rendered":"https:\/\/www.europesays.com\/fr\/283959\/"},"modified":"2025-07-30T09:25:11","modified_gmt":"2025-07-30T09:25:11","slug":"girondins-match-face-a-lus-colomiers-n3-a-17h","status":"publish","type":"post","link":"https:\/\/www.europesays.com\/fr\/283959\/","title":{"rendered":"Girondins : match face \u00e0 l&rsquo;US Colomiers (N3) \u00e0 17h"},"content":{"rendered":"<p><img decoding=\"async\" src=\"https:\/\/www.europesays.com\/fr\/wp-content\/uploads\/2025\/07\/671_68845ae48d3aa0418f66b32f6387e3bb.jpg\" alt=\"Girondins : match face \u00e0 l'US Colomiers (N3) \u00e0 17h\" class=\"img-responsive mt-3\"\/><\/p>\n<p class=\"text-center mb-3\" style=\"font-size: 14px\">\u00a9 Iconsport<\/p>\n<p style=\"text-align: justify;\">Une oppossition entre les Girondins de Bordeaux (N2) et l&rsquo;US Colomier (N3) est programm\u00e9e ce mercredi \u00e0 17h au Haillan. Le match est \u00e0 huis clos (sans public) et n&rsquo;est pas retransmis.<\/p>\n<p style=\"text-align: justify;\">Le planning de la fin de semaine :<\/p>\n<p style=\"text-align: justify;\"><strong>Mercredi<\/strong>\u00a0: match \u00e0 huis clos face \u00e0 l&rsquo;US Colomiers (N3) au Haillan \u00e0 17h.<\/p>\n<p style=\"text-align: justify;\"><strong>Jeudi<\/strong>\u00a0: entra\u00eenement \u00e0 10h30.<\/p>\n<p style=\"text-align: justify;\"><strong>Vendredi<\/strong>\u00a0: entra\u00eenement \u00e0 17h30.<\/p>\n<p><strong>Samedi<\/strong>\u00a0: match face au FC Bassin d&rsquo;Arcachon (N3) \u00e0 20h, stade Jean Brousse \u00e0 Arcachon. Ouverture des portes d\u00e8s 18h.<\/p>\n<p style=\"text-align: justify;\"><strong>Dimanche<\/strong>\u00a0: repos<\/p>\n<p style=\"text-align: justify;\">\u00c0 lire aussi &gt;&gt; <strong><a href=\"https:\/\/www.webgirondins.com\/actualite-girondins-romain-molina-gerard-lopez-etait-en-position-de-faiblesse-a-un-moment-129889\" target=\"_blank\" rel=\"noopener\">\u00ab\u00a0G\u00e9rard Lopez \u00e9tait en position de faiblesse \u00e0 un moment\u00a0\u00bb<\/a><\/strong><\/p>\n<p>\u00c9coutez notre podcast court :<\/p>\n<p>\u00a0<\/p>\n<p>\u00a0<\/p>\n","protected":false},"excerpt":{"rendered":"\u00a9 Iconsport Une oppossition entre les Girondins de Bordeaux (N2) et l&rsquo;US Colomier (N3) est programm\u00e9e ce mercredi&hellip;\n","protected":false},"author":2,"featured_media":283960,"comment_status":"","ping_status":"","sticky":false,"template":"","format":"standard","meta":{"footnotes":""},"categories":[1410],"tags":[7684,1997,6692,41590,15921,2823,63,1011,27,1987,6776,6691,16026,2868,955,6774,6775,5486,60],"class_list":{"0":"post-283959","1":"post","2":"type-post","3":"status-publish","4":"format-standard","5":"has-post-thumbnail","7":"category-football","8":"tag-affrontent","9":"tag-bordeaux","10":"tag-clos","11":"tag-colomiers","12":"tag-diffusee","13":"tag-face","14":"tag-football","15":"tag-fr","16":"tag-france","17":"tag-girondins","18":"tag-haillan","19":"tag-huis","20":"tag-joue","21":"tag-juillet","22":"tag-match","23":"tag-mercredi","24":"tag-plaine","25":"tag-rencontre","26":"tag-sports"},"share_on_mastodon":{"url":"https:\/\/pubeurope.com\/@fr\/114941468630725237","error":""},"_links":{"self":[{"href":"https:\/\/www.europesays.com\/fr\/wp-json\/wp\/v2\/posts\/283959","targetHints":{"allow":["GET"]}}],"collection":[{"href":"https:\/\/www.europesays.com\/fr\/wp-json\/wp\/v2\/posts"}],"about":[{"href":"https:\/\/www.europesays.com\/fr\/wp-json\/wp\/v2\/types\/post"}],"author":[{"embeddable":true,"href":"https:\/\/www.europesays.com\/fr\/wp-json\/wp\/v2\/users\/2"}],"replies":[{"embeddable":true,"href":"https:\/\/www.europesays.com\/fr\/wp-json\/wp\/v2\/comments?post=283959"}],"version-history":[{"count":0,"href":"https:\/\/www.europesays.com\/fr\/wp-json\/wp\/v2\/posts\/283959\/revisions"}],"wp:featuredmedia":[{"embeddable":true,"href":"https:\/\/www.europesays.com\/fr\/wp-json\/wp\/v2\/media\/283960"}],"wp:attachment":[{"href":"https:\/\/www.europesays.com\/fr\/wp-json\/wp\/v2\/media?parent=283959"}],"wp:term":[{"taxonomy":"category","embeddable":true,"href":"https:\/\/www.europesays.com\/fr\/wp-json\/wp\/v2\/categories?post=283959"},{"taxonomy":"post_tag","embeddable":true,"href":"https:\/\/www.europesays.com\/fr\/wp-json\/wp\/v2\/tags?post=283959"}],"curies":[{"name":"wp","href":"https:\/\/api.w.org\/{rel}","templated":true}]}}