{"id":283965,"date":"2025-07-30T09:28:18","date_gmt":"2025-07-30T09:28:18","guid":{"rendered":"https:\/\/www.europesays.com\/fr\/283965\/"},"modified":"2025-07-30T09:28:18","modified_gmt":"2025-07-30T09:28:18","slug":"prix-du-livre-des-rencontres-darles-2025-les-3-laureats-devoiles","status":"publish","type":"post","link":"https:\/\/www.europesays.com\/fr\/283965\/","title":{"rendered":"Prix du livre des Rencontres d\u2019Arles 2025\u00a0: les 3 laur\u00e9ats d\u00e9voil\u00e9s"},"content":{"rendered":"<p>Chaque ann\u00e9e depuis le lancement des <strong>Rencontres de la Photographie<\/strong>, les <strong>Prix du Livre des Rencontres d\u2019Arles<\/strong> r\u00e9compensent les meilleurs ouvrages photographiques publi\u00e9s entre mai de l\u2019ann\u00e9e pr\u00e9c\u00e9dente et mai de l\u2019ann\u00e9e en cours. Retour sur les <strong>laur\u00e9ats<\/strong> distingu\u00e9s <strong>lors de cette \u00e9dition 2025<\/strong>.<\/p>\n<p>C\u00e9l\u00e9brer la richesse de l\u2019\u00e9dition photographique<\/p>\n<p>Soutenus par la <strong>Fondation Jan Michalski pour l\u2019\u00e9criture et la litt\u00e9rature<\/strong>, les <a href=\"https:\/\/phototrend.fr\/2025\/06\/rencontres-arles-2025\/\" target=\"_blank\" rel=\"noopener\">Prix du Livre des Rencontres d\u2019Arles<\/a> c\u00e9l\u00e8brent la<strong> cr\u00e9ativit\u00e9 de l\u2019\u00e9dition photographique <\/strong>et participent au <strong>rayonnement des ouvrages<\/strong> prim\u00e9s.<\/p>\n<p>C\u2019est lors d\u2019une c\u00e9r\u00e9monie au <strong>Th\u00e9\u00e2tre Antique<\/strong> le 8\u202fjuillet 2025, au c\u0153ur de cette 56e\u00a0\u00e9dition des Rencontres de la Photographie, que les <strong>trois laur\u00e9ats <\/strong>\u2013 accompagn\u00e9s de trois mentions sp\u00e9ciales \u2013 ont \u00e9t\u00e9 d\u00e9voil\u00e9s.<\/p>\n<p>Prix du livre Photo\u2011texte : A Woman I Once Knew, Rosalind Fox Solomon\u00a0<\/p>\n<p>Le <strong>Prix du livre Photo-Texte <\/strong>r\u00e9compense les ouvrages autant port\u00e9s par des images puissantes que par leur narration textuelle. Apr\u00e8s avoir \u00e9tudi\u00e9 la photographie aupr\u00e8s de Lisette Model dans les ann\u00e9es 70, <strong>Rosalind Fox Solomon<\/strong> a immortalis\u00e9 la vie quotidienne dans le monde entier. En parall\u00e8le, la photographe multiplie les <strong>autoportraits<\/strong> cinq d\u00e9cennies durant.<\/p>\n<p><strong>A Woman I Once Knew <\/strong>(<a href=\"https:\/\/mackbooks.eu\/products\/a-woman-i-once-knew-br-rosalind-fox-solomon\" target=\"_blank\" rel=\"noopener\">Mack Books<\/a>) rassemble ces <strong>autoportraits et des textes de la photographe<\/strong>. Ce <strong>r\u00e9cit intime \u00e0 la port\u00e9e universelle<\/strong> t\u00e9moignage de la rencontre subtile entre photographie et \u00e9criture pour explorer la m\u00e9moire comme l\u2019\u00e9loignement de soi.<\/p>\n<p><a href=\"https:\/\/www.europesays.com\/fr\/wp-content\/uploads\/2025\/07\/a-women-i-once-knew.jpg\"><img decoding=\"async\" width=\"1400\" height=\"933\" loading=\"lazy\" data-id=\"245280\" src=\"https:\/\/www.europesays.com\/fr\/wp-content\/uploads\/2025\/07\/a-women-i-once-knew.jpg\" alt=\"\" class=\"wp-image-245280\"  \/><\/a>A Women I Once Knew, Rosaling Salomon, Mack Books<\/p>\n<p><a href=\"https:\/\/www.europesays.com\/fr\/wp-content\/uploads\/2025\/07\/a-women-i-once-knew-rosaling-salomon-mack-books-3.jpg\"><img decoding=\"async\" width=\"1400\" height=\"1062\" loading=\"lazy\" data-id=\"245083\" src=\"https:\/\/www.europesays.com\/fr\/wp-content\/uploads\/2025\/07\/a-women-i-once-knew-rosaling-salomon-mack-books-3.jpg\" alt=\"\" class=\"wp-image-245083\"  \/><\/a>A Women I Once Knew, Rosaling Salomon, Mack Books<\/p>\n<p>En parall\u00e8le, le jury a \u00e9galement attribu\u00e9 la Mention Sp\u00e9ciale \u00e0 l\u2019ouvrage <strong>La photo me regardait<\/strong> de <strong>Katja Petrowskaja<\/strong> (<a href=\"https:\/\/www.editionsmacula.com\/livre\/la-photo-me-regardait\/\" target=\"_blank\" rel=\"noopener\">\u00c9ditions Macula<\/a>), que nous avions \u00e9voqu\u00e9 dans notre <a href=\"https:\/\/phototrend.fr\/2025\/05\/selection-livres-photo-mai-2025\/\" target=\"_blank\" rel=\"noopener\">s\u00e9lection de livres photo de mai 2025<\/a>.<\/p>\n<p>Prix du livre Auteur : Popihuise, Vuyo Mabheka <\/p>\n<p>En afrikaan\u00a0pophuis\u00a0d\u00e9signe une maison de poup\u00e9e. <strong>Vuyo Mabheka<\/strong> s\u2019en est inspir\u00e9 pour dessiner des fonds color\u00e9s dans lequel il vient placer sa propre silhouette \u00e0 partir de ses rares <strong>photos d\u2019enfance<\/strong>. Dessins, collages et photographies racontent l\u2019absence, la solitude, mais aussi la r\u00e9invention d\u2019un monde dans un univers esth\u00e9tique audacieux. <strong>Popihuise<\/strong> est \u00e9dit\u00e9 par <a href=\"https:\/\/chosecommune.com\/fr\/produit\/popihuise\" target=\"_blank\" rel=\"noopener\">Chose Commune<\/a>.<\/p>\n<p><a href=\"https:\/\/www.europesays.com\/fr\/wp-content\/uploads\/2025\/07\/popihuise.jpg\"><img decoding=\"async\" width=\"1400\" height=\"933\" loading=\"lazy\" data-id=\"245281\" src=\"https:\/\/www.europesays.com\/fr\/wp-content\/uploads\/2025\/07\/popihuise.jpg\" alt=\"\" class=\"wp-image-245281\"  \/><\/a>Vuyo Mabheka, Popihuise, Chose Commune<\/p>\n<p><a href=\"https:\/\/www.europesays.com\/fr\/wp-content\/uploads\/2025\/07\/vuyo-mabhekapopihuise.jpg\"><img decoding=\"async\" width=\"1400\" height=\"933\" loading=\"lazy\" data-id=\"245079\" src=\"https:\/\/www.europesays.com\/fr\/wp-content\/uploads\/2025\/07\/vuyo-mabhekapopihuise.jpg\" alt=\"\" class=\"wp-image-245079\"  \/><\/a>Vuyo Mabheka, Popihuise, Chose Commune<\/p>\n<p>De m\u00eame, la Mention Sp\u00e9ciale a \u00e9t\u00e9 attribu\u00e9e \u00e0 l\u2019ouvrage <strong>Afropean<\/strong> de <strong>Johny Pitts<\/strong> (<a href=\"https:\/\/morelbooks.com\/products\/johny-pitts\" target=\"_blank\" rel=\"noopener\">M\u00f6rel<\/a>).<\/p>\n<p>Prix du livre Historique : Twana\u2019s Box, Rawsht Twana\u00a0<\/p>\n<p>R\u00e9compense d\u2019un photographe auteur pour son travail document\u00e9 sur un photographe, une th\u00e9matique ou une monographie c\u2019est \u00e0 <strong>Rawsht Twana<\/strong> qu\u2019est all\u00e9 le <strong>prix du livre historique 2025<\/strong>.<\/p>\n<p>Propos\u00e9 chez <a href=\"https:\/\/www.fraglich.com\/product\/twanas-box\/\" target=\"_blank\" rel=\"noopener\">Fraglich Publishing<\/a>, Twana\u2019s Box est une <strong>\u0153uvre anthropologique et intime<\/strong> \u00e9voquant tout autant la m\u00e9moire collective qu\u2019une qu\u00eate personnelle et familiale. En son c\u0153ur : le <strong>Kurdistan irakien de 1974 \u00e0 1992<\/strong> d\u00e9couvert au travers des archives d\u2019un p\u00e8re lui aussi photographe.<\/p>\n<p><a href=\"https:\/\/www.europesays.com\/fr\/wp-content\/uploads\/2025\/07\/twanas-box.jpg\"><img decoding=\"async\" width=\"1400\" height=\"933\" loading=\"lazy\" data-id=\"245282\" src=\"https:\/\/www.europesays.com\/fr\/wp-content\/uploads\/2025\/07\/twanas-box.jpg\" alt=\"\" class=\"wp-image-245282\"  \/><\/a>Twanas Box, Rawsht Twana, Fraglich Publishing <\/p>\n<p><a href=\"https:\/\/www.europesays.com\/fr\/wp-content\/uploads\/2025\/07\/twanas-box-fraglich-publishing-1-1.jpg\"><img decoding=\"async\" width=\"1400\" height=\"932\" loading=\"lazy\" data-id=\"245283\" src=\"https:\/\/www.europesays.com\/fr\/wp-content\/uploads\/2025\/07\/twanas-box-fraglich-publishing-1-1.jpg\" alt=\"\" class=\"wp-image-245283\"  \/><\/a>Twanas Box, Rawsht Twana, Fraglich Publishing<\/p>\n<p>Enfin, l\u2019ouvrage\u00a0<strong>Al cerchio delle tue mani\u00a0<\/strong>de <strong>Bibi Tomasi\u00a0<\/strong>(<a href=\"https:\/\/bilderatlas.com\/Al-cerchio-delle-tue-mani\" target=\"_blank\" rel=\"noopener\">BilderAtlas<\/a>) a re\u00e7u la Mention Sp\u00e9ciale du jury.<\/p>\n<p>Cette \u00e9dition 2025 du Prix du Livre des Rencontres d\u2019Arles a su \u00e0 nouveau c\u00e9l\u00e9brer la <strong>diversit\u00e9 de r\u00e9cits visuels<\/strong>, du poin\u00e7on intime au voyage historique. L\u2019ensemble des livres pr\u00e9s\u00e9lectionn\u00e9s et prim\u00e9s est pr\u00e9sent\u00e9 pendant tout le festival dans l\u2019espace d\u00e9di\u00e9 \u00e0 la <strong>M\u00e9canique G\u00e9n\u00e9rale<\/strong>.<\/p>\n","protected":false},"excerpt":{"rendered":"Chaque ann\u00e9e depuis le lancement des Rencontres de la Photographie, les Prix du Livre des Rencontres d\u2019Arles r\u00e9compensent&hellip;\n","protected":false},"author":2,"featured_media":283966,"comment_status":"","ping_status":"","sticky":false,"template":"","format":"standard","meta":{"footnotes":""},"categories":[1357],"tags":[39498,1379,58,59,1011,27,1380,42308,42309,42310,42311,42312],"class_list":{"0":"post-283965","1":"post","2":"type-post","3":"status-publish","4":"format-standard","5":"has-post-thumbnail","7":"category-livres","8":"tag-arles-2025","9":"tag-books","10":"tag-divertissement","11":"tag-entertainment","12":"tag-fr","13":"tag-france","14":"tag-livres","15":"tag-prix-du-livre-arles-2025","16":"tag-rawsht-twana","17":"tag-rencontres-de-la-photographie-darles","18":"tag-rosalind-fox-solomon","19":"tag-vuyo-mabheka"},"share_on_mastodon":{"url":"https:\/\/pubeurope.com\/@fr\/114941480505412386","error":""},"_links":{"self":[{"href":"https:\/\/www.europesays.com\/fr\/wp-json\/wp\/v2\/posts\/283965","targetHints":{"allow":["GET"]}}],"collection":[{"href":"https:\/\/www.europesays.com\/fr\/wp-json\/wp\/v2\/posts"}],"about":[{"href":"https:\/\/www.europesays.com\/fr\/wp-json\/wp\/v2\/types\/post"}],"author":[{"embeddable":true,"href":"https:\/\/www.europesays.com\/fr\/wp-json\/wp\/v2\/users\/2"}],"replies":[{"embeddable":true,"href":"https:\/\/www.europesays.com\/fr\/wp-json\/wp\/v2\/comments?post=283965"}],"version-history":[{"count":0,"href":"https:\/\/www.europesays.com\/fr\/wp-json\/wp\/v2\/posts\/283965\/revisions"}],"wp:featuredmedia":[{"embeddable":true,"href":"https:\/\/www.europesays.com\/fr\/wp-json\/wp\/v2\/media\/283966"}],"wp:attachment":[{"href":"https:\/\/www.europesays.com\/fr\/wp-json\/wp\/v2\/media?parent=283965"}],"wp:term":[{"taxonomy":"category","embeddable":true,"href":"https:\/\/www.europesays.com\/fr\/wp-json\/wp\/v2\/categories?post=283965"},{"taxonomy":"post_tag","embeddable":true,"href":"https:\/\/www.europesays.com\/fr\/wp-json\/wp\/v2\/tags?post=283965"}],"curies":[{"name":"wp","href":"https:\/\/api.w.org\/{rel}","templated":true}]}}