{"id":283967,"date":"2025-07-30T09:29:12","date_gmt":"2025-07-30T09:29:12","guid":{"rendered":"https:\/\/www.europesays.com\/fr\/283967\/"},"modified":"2025-07-30T09:29:12","modified_gmt":"2025-07-30T09:29:12","slug":"donald-trump-menace-jimmy-fallon-et-jimmy-kimmel-du-meme-sort-que-stephen-colbert-et-son-late-show","status":"publish","type":"post","link":"https:\/\/www.europesays.com\/fr\/283967\/","title":{"rendered":"Donald Trump menace Jimmy Fallon et Jimmy Kimmel du m\u00eame sort que Stephen Colbert et son \u00ab\u00a0Late Show\u00a0\u00bb"},"content":{"rendered":"<p>        <img decoding=\"async\" loading=\"lazy\" src=\"https:\/\/www.europesays.com\/fr\/wp-content\/uploads\/2025\/07\/b13124b_upload-1-s408k7zv755y-afp-20250729-68978c4-v1-highres-uspresidentdonaldtrumpvisits.jpg\"  width=\"728\" height=\"410\" alt=\"Donald Trump a de nombreuses \u00e9missions t\u00e9l\u00e9 dans son collimateur et n\u2019h\u00e9site pas \u00e0 le faire savoir.\"\/>  <\/p>\n<p>BRENDAN SMIALOWSKI \/ AFP<\/p>\n<p>Donald Trump a de nombreuses \u00e9missions t\u00e9l\u00e9 dans son collimateur et n\u2019h\u00e9site pas \u00e0 le faire savoir.<\/p>\n<p class=\"asset asset-text\">\u00c9TATS-UNIS &#8211; Paroles en l\u2019air ou menaces en bonne et due forme\u00a0? Apr\u00e8s s\u2019\u00eatre d\u00e9lect\u00e9 de l\u2019arr\u00eat du Late Show de Stephen Colbert sur CBS, Donald Trump a pr\u00e9dit un avenir similaire pour deux autres programmes phares du petit \u00e9cran am\u00e9ricain\u00a0: le Jimmy Kimmel Live! sur ABC et The Tonight Show avec Jimmy Fallon sur NBC.<\/p>\n<p class=\"asset asset-text\">Dans un message publi\u00e9 sur son r\u00e9seau Truth Social mardi 29\u00a0juillet, il s\u2019en est de nouveau pris \u00e0 Stephen Colbert, qui anime l\u2019\u00e9mission depuis 2015\u00a0et fera ses adieux forc\u00e9s en mai\u00a02026. \u00ab\u00a0Tout le monde dit que je suis le seul responsable du licenciement de Stephen Colbert de CBS. Ce n\u2019est pas vrai\u00a0!\u00a0\u00bb, a-t-il \u00e9crit, affirmant que la raison principale de l\u2019arr\u00eat du Late Show est \u00ab\u00a0un manque total de TALENT, et le fait que cette insuffisance co\u00fbtait 50\u00a0millions de dollars par an \u00e0 CBS en pertes\u00a0\u00bb.<\/p>\n<p class=\"asset asset-text\">Une explication raccord avec le communiqu\u00e9 officiel de la cha\u00eene, mais diff\u00e9rente de celles soulev\u00e9es dans la presse am\u00e9ricaine sp\u00e9cialis\u00e9e. Quelques jours seulement avant l\u2019annonce de la mort du programme, CBS a pass\u00e9 un accord \u00e0 l\u2019amiable avec Donald Trump apr\u00e8s une plainte pour une interview de Kamala Harris dans 66\u00a0Minutes qu\u2019il jugeait malhonn\u00eate.<\/p>\n<p>         <img decoding=\"async\" loading=\"lazy\" src=\"https:\/\/www.europesays.com\/fr\/wp-content\/uploads\/2025\/07\/313679b_upload-1-uirb83h0l5da-capture-da-ei-cran-2025-07-30-ai-09-43-08.png\"  width=\"728\" height=\"525\" alt=\"\"\/>  <\/p>\n<p>@realDonaldTrump via Truth Social<\/p>\n<p class=\"asset asset-text\">Apr\u00e8s avoir attaqu\u00e9 le talent de Stephen Colbert, le pr\u00e9sident am\u00e9ricain a poursuivi sur sa lanc\u00e9e\u00a0: \u00ab\u00a0Le prochain sera Jimmy Kimmel, encore moins talentueux, puis Jimmy Fallon, faible et tr\u00e8s peu s\u00fbr de lui\u00a0\u00bb, a-t-il publi\u00e9. Et de menacer\u00a0: \u00ab\u00a0La seule vraie question est\u00a0: qui sera le premier \u00e0 partir\u00a0?\u00a0\u00bb Le 23\u00a0juillet, le pr\u00e9sident avait d\u00e9j\u00e0 intimid\u00e9\u00a0Joy Behar, une pr\u00e9sentatrice du talk-show de Whoopi Goldberg The View, qui a d\u00e9clar\u00e9 \u00e0 l\u2019antenne qu\u2019Obama est \u00ab\u00a0tout ce qu\u2019il n\u2019est pas\u00a0\u00bb.<\/p>\n<p>                     Donald Trump, roi de la t\u00e9l\u00e9vision    <\/p>\n<p class=\"asset asset-text\">M\u00eame si son exp\u00e9rience dans la t\u00e9l\u00e9vision s\u2019est limit\u00e9e \u00e0 la t\u00e9l\u00e9-r\u00e9alit\u00e9, et non \u00e0 un talk-show d\u2019actualit\u00e9, Donald Trump a jug\u00e9 bon de partager son analyse\u00a0: \u00ab\u00a0Le showbiz et la t\u00e9l\u00e9vision sont des secteurs tr\u00e8s simples. Si vous obtenez de bonnes audiences, vous pouvez dire ou faire tout ce que vous voulez. Si vous n\u2019y parvenez pas, vous devenez toujours une victime. Colbert est devenu victime de lui-m\u00eame, les deux autres suivront.\u00a0\u00bb<\/p>\n<p class=\"asset asset-text\">Pour rappel, Donald Trump a \u00e9t\u00e9 licenci\u00e9 de NBC en 2015. La cha\u00eene avait mis fin \u00e0 sa pr\u00e9sentation de l\u2019\u00e9mission The Celebrity Apprentice apr\u00e8s ses remarques discriminantes sur les immigr\u00e9s Mexicains, qu\u2019il avait qualifi\u00e9s de \u00ab\u00a0criminels et violeurs\u00a0\u00bb lors de sa campagne pr\u00e9sidentielle.<\/p>\n<p class=\"asset asset-text\">Arnold Schwarzenegger avait pris la rel\u00e8ve comme animateur. NBC avait \u00e9galement d\u00e9programm\u00e9 la diffusion de Miss USA et Miss Univers, deux marques qui appartenaient \u00e0 Donald Trump. Une information que Stephen Colbert, Jimmy Kimmel et Jimmy Fallon ne manqueront s\u00fbrement pas de lui rappeler.<\/p>\n","protected":false},"excerpt":{"rendered":"BRENDAN SMIALOWSKI \/ AFP Donald Trump a de nombreuses \u00e9missions t\u00e9l\u00e9 dans son collimateur et n\u2019h\u00e9site pas \u00e0&hellip;\n","protected":false},"author":2,"featured_media":283968,"comment_status":"","ping_status":"","sticky":false,"template":"","format":"standard","meta":{"footnotes":""},"categories":[1356],"tags":[251,58,75,59,1011,27,39996,39997,39993,500,39602,252,1364],"class_list":{"0":"post-283967","1":"post","2":"type-post","3":"status-publish","4":"format-standard","5":"has-post-thumbnail","7":"category-television","8":"tag-culture","9":"tag-divertissement","10":"tag-donald-trump","11":"tag-entertainment","12":"tag-fr","13":"tag-france","14":"tag-jimmy-fallon","15":"tag-jimmy-kimmel","16":"tag-late-show","17":"tag-medias","18":"tag-stephen-colbert","19":"tag-television","20":"tag-tv"},"share_on_mastodon":{"url":"https:\/\/pubeurope.com\/@fr\/114941484511155580","error":""},"_links":{"self":[{"href":"https:\/\/www.europesays.com\/fr\/wp-json\/wp\/v2\/posts\/283967","targetHints":{"allow":["GET"]}}],"collection":[{"href":"https:\/\/www.europesays.com\/fr\/wp-json\/wp\/v2\/posts"}],"about":[{"href":"https:\/\/www.europesays.com\/fr\/wp-json\/wp\/v2\/types\/post"}],"author":[{"embeddable":true,"href":"https:\/\/www.europesays.com\/fr\/wp-json\/wp\/v2\/users\/2"}],"replies":[{"embeddable":true,"href":"https:\/\/www.europesays.com\/fr\/wp-json\/wp\/v2\/comments?post=283967"}],"version-history":[{"count":0,"href":"https:\/\/www.europesays.com\/fr\/wp-json\/wp\/v2\/posts\/283967\/revisions"}],"wp:featuredmedia":[{"embeddable":true,"href":"https:\/\/www.europesays.com\/fr\/wp-json\/wp\/v2\/media\/283968"}],"wp:attachment":[{"href":"https:\/\/www.europesays.com\/fr\/wp-json\/wp\/v2\/media?parent=283967"}],"wp:term":[{"taxonomy":"category","embeddable":true,"href":"https:\/\/www.europesays.com\/fr\/wp-json\/wp\/v2\/categories?post=283967"},{"taxonomy":"post_tag","embeddable":true,"href":"https:\/\/www.europesays.com\/fr\/wp-json\/wp\/v2\/tags?post=283967"}],"curies":[{"name":"wp","href":"https:\/\/api.w.org\/{rel}","templated":true}]}}