{"id":283985,"date":"2025-07-30T09:38:15","date_gmt":"2025-07-30T09:38:15","guid":{"rendered":"https:\/\/www.europesays.com\/fr\/283985\/"},"modified":"2025-07-30T09:38:15","modified_gmt":"2025-07-30T09:38:15","slug":"francois-bayrou-face-a-la-menace-de-censure-un-enjeu-a-pile-ou-face-liberation","status":"publish","type":"post","link":"https:\/\/www.europesays.com\/fr\/283985\/","title":{"rendered":"Fran\u00e7ois Bayrou face \u00e0 la menace de censure, un enjeu \u00e0 pile ou face \u2013 Lib\u00e9ration"},"content":{"rendered":"<p class=\"sc-ksZaOG ehjQrN text-element\">Des cong\u00e9s d\u2019\u00e9t\u00e9 suivis d\u2019une grande vacance du pouvoir \u00e0 l\u2019automne ? Fran\u00e7ois Bayrou et son gouvernement se rendent ce mercredi matin \u00e0 l\u2019Elys\u00e9e pour un dernier Conseil des ministres avant trois semaines de coupure. Sans grandes illusions, pour beaucoup, sur leurs chances de survie \u00e0 la rentr\u00e9e, face \u00e0 des oppositions qui promettent unanimement la censure sur les <a href=\"https:\/\/www.liberation.fr\/tags\/budget-public\/\" target=\"_blank\" rel=\"noreferrer noopener\" title=\"https:\/\/www.liberation.fr\/tags\/budget-public\/\">lois de finances pour 2026<\/a>. \u00abTout le monde dit : \u201cVous passez pas le budget\u201d, et c\u2019est vrai que sur le papier \u00e7a para\u00eet impossible\u00bb, avoue une ministre. La porte-parole du gouvernement, <a href=\"https:\/\/www.liberation.fr\/politique\/le-budget-2026-va-etre-un-cauchemar-selon-la-porte-parole-du-gouvernement-sophie-primas-20250326_TMJNO273URHMTN2IAV5M57Z35E\/\" target=\"_blank\" rel=\"noreferrer noopener\" title=\"https:\/\/www.liberation.fr\/politique\/le-budget-2026-va-etre-un-cauchemar-selon-la-porte-parole-du-gouvernement-sophie-primas-20250326_TMJNO273URHMTN2IAV5M57Z35E\/\">Sophie Primas, a m\u00eame anticip\u00e9 un \u00abcauchemar\u00bb<\/a>. Et pourtant Bayrou y croit. Il fait savoir qu\u2019il ne prendra pas de vacances \u2013 \u00abun truc totalement \u00e0 la con pour dire qu\u2019il est sur le pont\u00bb, raille un communicant du gouvernement \u2013 et compte phosphorer tout le mois d\u2019ao\u00fbt sur sa survie politique. Particuli\u00e8rement rus\u00e9, ou chanceux, c\u2019est affaire de point de vue, il parie que tout ce qui semble l<\/p>\n","protected":false},"excerpt":{"rendered":"Des cong\u00e9s d\u2019\u00e9t\u00e9 suivis d\u2019une grande vacance du pouvoir \u00e0 l\u2019automne ? Fran\u00e7ois Bayrou et son gouvernement se&hellip;\n","protected":false},"author":2,"featured_media":283986,"comment_status":"","ping_status":"","sticky":false,"template":"","format":"standard","meta":{"footnotes":""},"categories":[4],"tags":[11,25548,1011,27,431,12,429,25],"class_list":{"0":"post-283985","1":"post","2":"type-post","3":"status-publish","4":"format-standard","5":"has-post-thumbnail","7":"category-france","8":"tag-actualites","9":"tag-budget-public","10":"tag-fr","11":"tag-france","12":"tag-francois-bayrou","13":"tag-news","14":"tag-ps","15":"tag-republique-francaise"},"share_on_mastodon":{"url":"https:\/\/pubeurope.com\/@fr\/114941519693470403","error":""},"_links":{"self":[{"href":"https:\/\/www.europesays.com\/fr\/wp-json\/wp\/v2\/posts\/283985","targetHints":{"allow":["GET"]}}],"collection":[{"href":"https:\/\/www.europesays.com\/fr\/wp-json\/wp\/v2\/posts"}],"about":[{"href":"https:\/\/www.europesays.com\/fr\/wp-json\/wp\/v2\/types\/post"}],"author":[{"embeddable":true,"href":"https:\/\/www.europesays.com\/fr\/wp-json\/wp\/v2\/users\/2"}],"replies":[{"embeddable":true,"href":"https:\/\/www.europesays.com\/fr\/wp-json\/wp\/v2\/comments?post=283985"}],"version-history":[{"count":0,"href":"https:\/\/www.europesays.com\/fr\/wp-json\/wp\/v2\/posts\/283985\/revisions"}],"wp:featuredmedia":[{"embeddable":true,"href":"https:\/\/www.europesays.com\/fr\/wp-json\/wp\/v2\/media\/283986"}],"wp:attachment":[{"href":"https:\/\/www.europesays.com\/fr\/wp-json\/wp\/v2\/media?parent=283985"}],"wp:term":[{"taxonomy":"category","embeddable":true,"href":"https:\/\/www.europesays.com\/fr\/wp-json\/wp\/v2\/categories?post=283985"},{"taxonomy":"post_tag","embeddable":true,"href":"https:\/\/www.europesays.com\/fr\/wp-json\/wp\/v2\/tags?post=283985"}],"curies":[{"name":"wp","href":"https:\/\/api.w.org\/{rel}","templated":true}]}}