{"id":283994,"date":"2025-07-30T09:43:13","date_gmt":"2025-07-30T09:43:13","guid":{"rendered":"https:\/\/www.europesays.com\/fr\/283994\/"},"modified":"2025-07-30T09:43:13","modified_gmt":"2025-07-30T09:43:13","slug":"meurthe-et-moselle-apprendre-a-danser-sous-les-arbres-de-la-pepiniere-de-nancy","status":"publish","type":"post","link":"https:\/\/www.europesays.com\/fr\/283994\/","title":{"rendered":"Meurthe-et-Moselle. Apprendre \u00e0 danser sous les arbres de la P\u00e9pini\u00e8re de Nancy"},"content":{"rendered":"<p>Tango, salsa, rock, swing et d\u2019autres styles de danses <a href=\"https:\/\/www.estrepublicain.fr\/culture-loisirs\/2025\/07\/19\/danser-a-la-pepiniere-tout-l-ete-c-est-possible\" target=\"_blank\" rel=\"noopener\"> sont enseign\u00e9s quotidiennement<\/a> durant la p\u00e9riode estivale. Apr\u00e8s avoir eu le plaisir de fouler le parquet, les habitu\u00e9s avaient raison, c\u2019est un vrai exercice physique\u00a0!<\/p>\n<p>  Bonne humeur garantie<\/p>\n<p>Quand on ne crispe pas son visage pour se concentrer, c\u2019est le sourire qui prend le dessus. Tout le monde est venu ici pour se d\u00e9fouler et passer un moment de partage. \u00ab\u00a0C\u2019est le lien qui fait la diff\u00e9rence, le fait de pouvoir danser \u00e0 deux\u00a0\u00bb, explique Patricia, danseuse aguerrie aux dix ann\u00e9es d\u2019exp\u00e9rience. Depuis la cr\u00e9ation du th\u00e9 dansant \u00e0 la P\u00e9pini\u00e8re, cette amatrice confirm\u00e9e fait partie d\u2019un groupe d\u2019une dizaine de personnes qui se retrouve jusqu\u2019\u00e0 trois fois par semaine\u00a0!<\/p>\n<p>Certaines me confient que la jeune g\u00e9n\u00e9ration ne sait pas danser car elle n\u2019oserait plus. J\u2019ai alors pris cette d\u00e9claration tr\u00e8s au s\u00e9rieux et me suis \u00e9lanc\u00e9 sur la piste. Avec du recul, ma prestation ne m\u00e9ritait pas un passage dans l\u2019\u00e9mission \u00ab\u00a0Danse avec les Stars\u00a0\u00bb. En revanche j\u2019ai eu le privil\u00e8ge d\u2019avoir un cours de danse avec Liliane, et ce n\u2019est pas donn\u00e9 \u00e0 tout le monde. Elle a pris le temps de me montrer quelques pas de Madison, qui reste c\u00e9l\u00e8bre pour sa simplicit\u00e9. Apr\u00e8s m\u2019\u00eatre emm\u00eal\u00e9 les pinceaux, elle a tent\u00e9 de me rassurer, \u00ab\u00a0la premi\u00e8re fois ce n\u2019est jamais facile\u00a0\u00bb. Autrement dit, j\u2019ai tout int\u00e9r\u00eat \u00e0 y retourner pour progresser.<\/p>\n<p>Ce contenu est bloqu\u00e9 car vous n&rsquo;avez pas accept\u00e9 les cookies et autres traceurs.<\/p>\n<p>En cliquant sur \u00ab J\u2019accepte \u00bb, les cookies et autres traceurs seront d\u00e9pos\u00e9s et vous pourrez visualiser les contenus  (<a href=\"\" class=\"consentModule_policy\" target=\"_blank\" title=\"Consulter la politique de protection des donn\u00e9es du fournisseur\">plus d&rsquo;informations<\/a>).<\/p>\n<p>En cliquant sur \u00ab J\u2019accepte tous les cookies \u00bb, vous autorisez des d\u00e9p\u00f4ts de cookies et autres traceurs pour le stockage de vos donn\u00e9es sur nos sites et applications \u00e0 des fins de personnalisation et de ciblage publicitaire.<\/p>\n<p class=\"consentModule_secondaryText\">Vous gardez la possibilit\u00e9 de retirer votre consentement \u00e0 tout moment en consultant notre <a href=\"https:\/\/www.estrepublicain.fr\/protection-des-donnees\" target=\"_blank\" title=\"Consulter notre politique de protection des donn\u00e9es\" rel=\"noopener\">politique de protection des donn\u00e9es<\/a>. <br \/>&#13;<br \/>\n            <a href=\"https:\/\/www.estrepublicain.fr\/culture-loisirs\/2025\/07\/30\/javascript:Didomi.notice.show()\" class=\"consentModule_cmp\" target=\"_blank\" rel=\"noopener\">G\u00e9rer mes choix<\/a>&#13;\n        <\/p>\n<p>&#13;<br \/>\n                        J&rsquo;accepte&#13;<br \/>\n            J&rsquo;accepte tous les cookies&#13;\n        <\/p>\n<p>\u00c0 proximit\u00e9 de l\u2019auditorium de la P\u00e9pini\u00e8re, on observe deux types de personnes. Celles qui regardent, intrigu\u00e9es par ce bal improvis\u00e9 et qui, timides, resteront dans leur r\u00f4le de contemplateur. Et puis, il y a les f\u00e9rus du dance floor, comme Roger, qui ne rate sous aucun pr\u00e9texte ce moment de bonheur. \u00ab\u00a0Je danse depuis que j\u2019ai 17 ans, et \u00e0 la P\u00e9pini\u00e8re, je viens \u00e0 chaque th\u00e9 dansant\u00a0\u00bb, confie-t-il, avant d\u2019ajouter hilare \u00ab\u00a0et je trouve toujours des cavali\u00e8res\u00a0!\u00a0\u00bb.<\/p>\n<p>Une prolongation esp\u00e9r\u00e9e<\/p>\n<p>Au mois d\u2019ao\u00fbt, il est parfois difficile de se frayer une place en raison du succ\u00e8s de l\u2019\u00e9v\u00e8nement. Beaucoup d\u2019habitu\u00e9s aimeraient sa prolongation en p\u00e9riode hivernale. Mais pour l\u2019heure, les ateliers de danse se d\u00e9rouleront jusqu\u2019\u00e0 la fin de l\u2019\u00e9t\u00e9. L\u2019avantage r\u00e9side dans l\u2019offre vari\u00e9e (en plus du th\u00e9 dansant, il existe <a href=\"https:\/\/www.estrepublicain.fr\/culture-loisirs\/2025\/07\/27\/danses-de-l-ete-a-la-pepiniere-avec-du-tango-argentin\" target=\"_blank\" rel=\"noopener\"> dix autres cours anim\u00e9s<\/a> ) et la danse reste une v\u00e9ritable activit\u00e9 physique. L\u2019occasion de se d\u00e9penser en s\u2019amusant.<\/p>\n","protected":false},"excerpt":{"rendered":"Tango, salsa, rock, swing et d\u2019autres styles de danses sont enseign\u00e9s quotidiennement durant la p\u00e9riode estivale. Apr\u00e8s avoir&hellip;\n","protected":false},"author":2,"featured_media":283995,"comment_status":"","ping_status":"","sticky":false,"template":"","format":"standard","meta":{"footnotes":""},"categories":[9635],"tags":[1111,11,1687,1704,1777,674,1011,27,775,31022,20065,1702,12,25],"class_list":{"0":"post-283994","1":"post","2":"type-post","3":"status-publish","4":"format-standard","5":"has-post-thumbnail","7":"category-nancy","8":"tag-actu","9":"tag-actualites","10":"tag-culture-loisirs","11":"tag-edition-nancy-et-agglomeration","12":"tag-eu","13":"tag-europe","14":"tag-fr","15":"tag-france","16":"tag-grand-est","17":"tag-le-guide-de-lete-lorraine","18":"tag-magazine-tourisme-et-patrimoine","19":"tag-nancy","20":"tag-news","21":"tag-republique-francaise"},"share_on_mastodon":{"url":"https:\/\/pubeurope.com\/@fr\/114941539369100892","error":""},"_links":{"self":[{"href":"https:\/\/www.europesays.com\/fr\/wp-json\/wp\/v2\/posts\/283994","targetHints":{"allow":["GET"]}}],"collection":[{"href":"https:\/\/www.europesays.com\/fr\/wp-json\/wp\/v2\/posts"}],"about":[{"href":"https:\/\/www.europesays.com\/fr\/wp-json\/wp\/v2\/types\/post"}],"author":[{"embeddable":true,"href":"https:\/\/www.europesays.com\/fr\/wp-json\/wp\/v2\/users\/2"}],"replies":[{"embeddable":true,"href":"https:\/\/www.europesays.com\/fr\/wp-json\/wp\/v2\/comments?post=283994"}],"version-history":[{"count":0,"href":"https:\/\/www.europesays.com\/fr\/wp-json\/wp\/v2\/posts\/283994\/revisions"}],"wp:featuredmedia":[{"embeddable":true,"href":"https:\/\/www.europesays.com\/fr\/wp-json\/wp\/v2\/media\/283995"}],"wp:attachment":[{"href":"https:\/\/www.europesays.com\/fr\/wp-json\/wp\/v2\/media?parent=283994"}],"wp:term":[{"taxonomy":"category","embeddable":true,"href":"https:\/\/www.europesays.com\/fr\/wp-json\/wp\/v2\/categories?post=283994"},{"taxonomy":"post_tag","embeddable":true,"href":"https:\/\/www.europesays.com\/fr\/wp-json\/wp\/v2\/tags?post=283994"}],"curies":[{"name":"wp","href":"https:\/\/api.w.org\/{rel}","templated":true}]}}