{"id":284016,"date":"2025-07-30T09:54:12","date_gmt":"2025-07-30T09:54:12","guid":{"rendered":"https:\/\/www.europesays.com\/fr\/284016\/"},"modified":"2025-07-30T09:54:12","modified_gmt":"2025-07-30T09:54:12","slug":"un-camion-couche-sur-les-voies-pres-de-strasbourg-une-bretelle-de-la-m35-fermee","status":"publish","type":"post","link":"https:\/\/www.europesays.com\/fr\/284016\/","title":{"rendered":"un camion couch\u00e9 sur les voies pr\u00e8s de Strasbourg, une bretelle de la M35 ferm\u00e9e"},"content":{"rendered":"<p>            Par<br \/>\n        <strong><br \/>\n            <a href=\"https:\/\/actu.fr\/auteur\/redaction-strasbourg\" title=\"Consulter tous les articles de R\u00e9daction Strasbourg\" rel=\"nofollow noopener\" target=\"_blank\">R\u00e9daction Strasbourg<\/a><br \/>\n        <\/strong><\/p>\n<p>        Publi\u00e9 le<\/p>\n<p>            30 juil. 2025 \u00e0 10h44        <\/p>\n<p>Le <strong>poids lourd s\u2019est couch\u00e9<\/strong> en travers de la chauss\u00e9e dans le virage d<strong>e l\u2019\u00e9changeur de la Vigie<\/strong> non loin de <a href=\"https:\/\/actu.fr\/strasbourg\/\" rel=\"nofollow noopener\" target=\"_blank\">Strasbourg<\/a>. Peu avant 10h ce mercredi, un accident de la route a entra\u00een\u00e9 la fermeture de la bretelle <strong>en direction de Fegersheim sur la M35<\/strong> pour une dur\u00e9e pour le moment inconnue.<\/p>\n<p>Acc\u00e8s vers Fegersheim impossible<\/p>\n<p class=\" wall-content\">La circulation est donc compl\u00e8tement coup\u00e9e sur la bretelle Vigie \/ Fegersheim <strong>pour une dur\u00e9e ind\u00e9termin\u00e9e<\/strong>. Peu apr\u00e8s 10h30, le camion n\u2019\u00e9tait toujours pas sur ses roues. Une partie de son chargement en copeaux de bois s\u2019est d\u00e9vers\u00e9 sur la chauss\u00e9e.\u00a0<\/p>\n<p class=\" wall-content\">Il est conseill\u00e9 aux automobilistes de passer par la rocade Sud (M353) via l\u2019\u00e9changeur de Geispolsheim \/ Entzheim.<\/p>\n<p>    <img   decoding=\"async\" loading=\"lazy\" src=\"https:\/\/www.europesays.com\/fr\/wp-content\/uploads\/2025\/07\/design-sans-titre-25-1-960x640.jpg\" alt=\"L'heure de r\u00e9ouverture de la bretelle Vigie\/Fegersheim n'est pas encore connue.\" width=\"960\" height=\"640\"\/><br \/>\n    L\u2019heure de r\u00e9ouverture de la bretelle Vigie\/Fegersheim n\u2019est pas encore connue. (\u00a9ITBR)<\/p>\n<p class=\" wall-content\">Les circonstances de l\u2019accident sont pour le moment <strong>inconnues<\/strong>. Aucun bless\u00e9 n\u2019est \u00e0 d\u00e9plorer.\u00a0<\/p>\n<p class=\" wall-content\">Suivez toute l\u2019actualit\u00e9 de vos villes et m\u00e9dias favoris en vous inscrivant \u00e0 <a href=\"https:\/\/moncompte.actu.fr\" title=\"D\u00e9couvez Mon Actu\" rel=\"nofollow noopener\" data-trk=\"{&quot;cta&quot;:{&quot;action&quot;:&quot;https:\\\/\\\/moncompte.actu.fr&quot;,&quot;category&quot;:&quot;mon compte&quot;,&quot;from&quot;:&quot;article footer&quot;,&quot;name&quot;:&quot;Mon actu&quot;,&quot;type&quot;:&quot;cta&quot;}}\" target=\"_blank\">Mon Actu<\/a>.<\/p>\n","protected":false},"excerpt":{"rendered":"Par R\u00e9daction Strasbourg Publi\u00e9 le 30 juil. 2025 \u00e0 10h44 Le poids lourd s\u2019est couch\u00e9 en travers de&hellip;\n","protected":false},"author":2,"featured_media":284017,"comment_status":"","ping_status":"","sticky":false,"template":"","format":"standard","meta":{"footnotes":""},"categories":[2820],"tags":[119,1111,11,1777,674,118,1011,27,775,12,25,640],"class_list":{"0":"post-284016","1":"post","2":"type-post","3":"status-publish","4":"format-standard","5":"has-post-thumbnail","7":"category-strasbourg","8":"tag-accident","9":"tag-actu","10":"tag-actualites","11":"tag-eu","12":"tag-europe","13":"tag-faits-divers","14":"tag-fr","15":"tag-france","16":"tag-grand-est","17":"tag-news","18":"tag-republique-francaise","19":"tag-strasbourg"},"share_on_mastodon":{"url":"https:\/\/pubeurope.com\/@fr\/114941582632082743","error":""},"_links":{"self":[{"href":"https:\/\/www.europesays.com\/fr\/wp-json\/wp\/v2\/posts\/284016","targetHints":{"allow":["GET"]}}],"collection":[{"href":"https:\/\/www.europesays.com\/fr\/wp-json\/wp\/v2\/posts"}],"about":[{"href":"https:\/\/www.europesays.com\/fr\/wp-json\/wp\/v2\/types\/post"}],"author":[{"embeddable":true,"href":"https:\/\/www.europesays.com\/fr\/wp-json\/wp\/v2\/users\/2"}],"replies":[{"embeddable":true,"href":"https:\/\/www.europesays.com\/fr\/wp-json\/wp\/v2\/comments?post=284016"}],"version-history":[{"count":0,"href":"https:\/\/www.europesays.com\/fr\/wp-json\/wp\/v2\/posts\/284016\/revisions"}],"wp:featuredmedia":[{"embeddable":true,"href":"https:\/\/www.europesays.com\/fr\/wp-json\/wp\/v2\/media\/284017"}],"wp:attachment":[{"href":"https:\/\/www.europesays.com\/fr\/wp-json\/wp\/v2\/media?parent=284016"}],"wp:term":[{"taxonomy":"category","embeddable":true,"href":"https:\/\/www.europesays.com\/fr\/wp-json\/wp\/v2\/categories?post=284016"},{"taxonomy":"post_tag","embeddable":true,"href":"https:\/\/www.europesays.com\/fr\/wp-json\/wp\/v2\/tags?post=284016"}],"curies":[{"name":"wp","href":"https:\/\/api.w.org\/{rel}","templated":true}]}}