{"id":284018,"date":"2025-07-30T09:55:18","date_gmt":"2025-07-30T09:55:18","guid":{"rendered":"https:\/\/www.europesays.com\/fr\/284018\/"},"modified":"2025-07-30T09:55:18","modified_gmt":"2025-07-30T09:55:18","slug":"taxes-sur-les-billets-davion-ryanair-quitte-bergerac-brive-et-strasbourg-actualites","status":"publish","type":"post","link":"https:\/\/www.europesays.com\/fr\/284018\/","title":{"rendered":"Taxes sur les billets d&rsquo;avion: Ryanair quitte Bergerac, Brive et Strasbourg : Actualit\u00e9s"},"content":{"rendered":"<p class=\"lead \">En guerre contre la taxe de solidarit\u00e9 sur les billets d&rsquo;avion, la compagnie a\u00e9rienne irlandaise Ryanair a annonc\u00e9 mercredi une r\u00e9duction de 13% de sa capacit\u00e9 en France pour l&rsquo;hiver 2025, soit 750.000 si\u00e8ges en moins, l&rsquo;annulation de 25 lignes et l&rsquo;interruption de la desserte de trois a\u00e9roports.<\/p>\n<p class=\"lead \">La premi\u00e8re compagnie \u00e0 bas co\u00fbts europ\u00e9enne a notamment annonc\u00e9 \u00ab\u00a0l&rsquo;arr\u00eat de ses op\u00e9rations\u00a0\u00bb aux a\u00e9roports de Bergerac (Dordogne), Brive (Corr\u00e8ze) et Strasbourg (Bas-Rhin), d&rsquo;o\u00f9 elle desservait le Portugal ou l&rsquo;Ecosse. La compagnie avait d\u00e9j\u00e0 quitt\u00e9 Vatry (Marne) au printemps.<\/p>\n<p class=\"lead \">\u00ab\u00a0Cette d\u00e9cision fait suite \u00e0 l&rsquo;\u00e9chec du gouvernement fran\u00e7ais \u00e0 annuler l&rsquo;augmentation excessive de la taxe a\u00e9rienne, qui a \u00e9t\u00e9 augment\u00e9e de 180% en mars 2025\u00a0\u00bb, a expliqu\u00e9 dans un communiqu\u00e9 la compagnie a\u00e9rienne irlandaise.<\/p>\n<p class=\"lead \">La taxe de solidarit\u00e9 sur les billets d&rsquo;avion (TSBA) est pass\u00e9e \u00e0 7,4 euros contre 2,63 euros auparavant pour les vols int\u00e9rieurs ou vers l&rsquo;Europe.<\/p>\n<p class=\"lead \">\u00ab\u00a0Cette taxe astronomique rend la France moins comp\u00e9titive par rapport \u00e0 d&rsquo;autres pays de l&rsquo;UE comme l&rsquo;Irlande, l&rsquo;Espagne ou la Pologne, qui n&rsquo;imposent aucune taxe a\u00e9rienne\u00a0\u00bb, a poursuivi Ryanair.<\/p>\n<p class=\"lead \">La compagnie avait menac\u00e9 de r\u00e9duire ses op\u00e9rations en France depuis le triplement de la taxe de solidarit\u00e9 sur les billets d&rsquo;avion appliqu\u00e9e dans le budget 2025. <\/p>\n<p class=\"lead \">Le patron de la compagnie Michael O&rsquo;Leary avait cependant assur\u00e9 fin mars qu&rsquo;il ne couperait pas de desserte r\u00e9gionale.<\/p>\n<p class=\"lead \">La compagnie s&rsquo;est aussi fait mena\u00e7ante pour l&rsquo;\u00e9t\u00e9 2026. <\/p>\n<p class=\"lead \">\u00ab\u00a0Sans action urgente, la France risque de perdre encore plus de capacit\u00e9 et d&rsquo;investissements au profit de march\u00e9s plus comp\u00e9titifs \u00e0 l&rsquo;horizon de l&rsquo;\u00e9t\u00e9 2026, laissant les a\u00e9roports r\u00e9gionaux \u00e0 moiti\u00e9 vides, tandis que d&rsquo;autres pays de l&rsquo;UE continueront d&rsquo;attirer les investissements des compagnies a\u00e9riennes, devenus rares en raison de la p\u00e9nurie d&rsquo;avions\u00a0\u00bb, a-t-elle soulign\u00e9. <\/p>\n<p class=\"lead \">Au contraire, si le gouvernement d\u00e9cidait de supprimer compl\u00e8tement cette taxe, Ryanair pourrait \u00ab\u00a0envisager une croissance ambitieuse en France dans les ann\u00e9es \u00e0 venir, incluant un investissement de 2,5 milliards de dollars (25 nouveaux avions) et un doublement du trafic \u00e0 plus de 30 millions de passagers par an.<\/p>\n<p class=\"lead \">L&rsquo;Union des a\u00e9roports fran\u00e7ais (UAF) avait mis en garde contre le risque de voir les compagnies a\u00e9riennes \u00e0 bas co\u00fbts, qui p\u00e8sent plus de 99% de l&rsquo;activit\u00e9 de Beauvais, Carcassonne, B\u00e9ziers et N\u00eemes, se d\u00e9tourner de la France en raison de l&rsquo;augmentation de cette taxe.<\/p>\n<p class=\"small font-weight-bold text-gray3 \"> publi\u00e9 le 30 juillet \u00e0 11h31, AFP<\/p>\n<p>                             Partager<\/p>\n","protected":false},"excerpt":{"rendered":"En guerre contre la taxe de solidarit\u00e9 sur les billets d&rsquo;avion, la compagnie a\u00e9rienne irlandaise Ryanair a annonc\u00e9&hellip;\n","protected":false},"author":2,"featured_media":284019,"comment_status":"","ping_status":"","sticky":false,"template":"","format":"standard","meta":{"footnotes":""},"categories":[2820],"tags":[1111,11,7182,1777,674,1011,27,775,516,12,25,640,2803],"class_list":{"0":"post-284018","1":"post","2":"type-post","3":"status-publish","4":"format-standard","5":"has-post-thumbnail","7":"category-strasbourg","8":"tag-actu","9":"tag-actualites","10":"tag-aviation","11":"tag-eu","12":"tag-europe","13":"tag-fr","14":"tag-france","15":"tag-grand-est","16":"tag-irlande","17":"tag-news","18":"tag-republique-francaise","19":"tag-strasbourg","20":"tag-transport"},"share_on_mastodon":{"url":"https:\/\/pubeurope.com\/@fr\/114941586515613991","error":""},"_links":{"self":[{"href":"https:\/\/www.europesays.com\/fr\/wp-json\/wp\/v2\/posts\/284018","targetHints":{"allow":["GET"]}}],"collection":[{"href":"https:\/\/www.europesays.com\/fr\/wp-json\/wp\/v2\/posts"}],"about":[{"href":"https:\/\/www.europesays.com\/fr\/wp-json\/wp\/v2\/types\/post"}],"author":[{"embeddable":true,"href":"https:\/\/www.europesays.com\/fr\/wp-json\/wp\/v2\/users\/2"}],"replies":[{"embeddable":true,"href":"https:\/\/www.europesays.com\/fr\/wp-json\/wp\/v2\/comments?post=284018"}],"version-history":[{"count":0,"href":"https:\/\/www.europesays.com\/fr\/wp-json\/wp\/v2\/posts\/284018\/revisions"}],"wp:featuredmedia":[{"embeddable":true,"href":"https:\/\/www.europesays.com\/fr\/wp-json\/wp\/v2\/media\/284019"}],"wp:attachment":[{"href":"https:\/\/www.europesays.com\/fr\/wp-json\/wp\/v2\/media?parent=284018"}],"wp:term":[{"taxonomy":"category","embeddable":true,"href":"https:\/\/www.europesays.com\/fr\/wp-json\/wp\/v2\/categories?post=284018"},{"taxonomy":"post_tag","embeddable":true,"href":"https:\/\/www.europesays.com\/fr\/wp-json\/wp\/v2\/tags?post=284018"}],"curies":[{"name":"wp","href":"https:\/\/api.w.org\/{rel}","templated":true}]}}