{"id":284024,"date":"2025-07-30T09:58:13","date_gmt":"2025-07-30T09:58:13","guid":{"rendered":"https:\/\/www.europesays.com\/fr\/284024\/"},"modified":"2025-07-30T09:58:13","modified_gmt":"2025-07-30T09:58:13","slug":"sur-lile-de-nantes-la-poste-ferme-definitivement-son-guichet","status":"publish","type":"post","link":"https:\/\/www.europesays.com\/fr\/284024\/","title":{"rendered":"Sur l\u2019\u00eele de Nantes, la Poste ferme d\u00e9finitivement son guichet"},"content":{"rendered":"<p>Ce n\u2019est plus \u00e9crit la Poste. Le bureau, quartier R\u00e9publique, sur l\u2019\u00eele de Nantes, a d\u00e9finitivement baiss\u00e9 sa grille et retir\u00e9 son logo, depuis ce lundi 28\u00a0juillet. Une fermeture qui intervient apr\u00e8s d\u2019autres. <a href=\"https:\/\/nantes.maville.com\/actu\/actudet_-a-nantes-le-bureau-de-poste-du-quartier-republique-va-fermer-_52716-6776898_actu.Htm?utm_source=troove&amp;utm_medium=site\" target=\"_self\" rel=\"noopener\">Celle de Nantes-Rollin, quartier Mellinet en 2024 et de l\u2019agence de Preux \u00e0 Saint-Herblain, qui n\u2019a finalement pas rouvert apr\u00e8s avoir \u00e9t\u00e9 incendi\u00e9e, pendant les \u00e9meutes de juin\u00a02023.<\/a><\/p>\n<p>Pour pr\u00e9server une partie du service, la Poste a trouv\u00e9, \u00e0 500\u00a0m de l\u00e0, le restaurant le Petit Rungis pour devenir Point Relais. Les habitants pourront y acheter des timbres, retirer courrier ou colis. Pour les autres op\u00e9rations, il faudra se rendre \u00e0 la Poste de Beaulieu.<\/p>\n<p>\u00a0<\/p>\n","protected":false},"excerpt":{"rendered":"Ce n\u2019est plus \u00e9crit la Poste. Le bureau, quartier R\u00e9publique, sur l\u2019\u00eele de Nantes, a d\u00e9finitivement baiss\u00e9 sa&hellip;\n","protected":false},"author":2,"featured_media":284025,"comment_status":"","ping_status":"","sticky":false,"template":"","format":"standard","meta":{"footnotes":""},"categories":[2818],"tags":[1111,11,22670,1777,674,9095,1011,27,42313,4323,766,12,2636,9033,25],"class_list":{"0":"post-284024","1":"post","2":"type-post","3":"status-publish","4":"format-standard","5":"has-post-thumbnail","7":"category-nantes","8":"tag-actu","9":"tag-actualites","10":"tag-definitivement","11":"tag-eu","12":"tag-europe","13":"tag-ferme","14":"tag-fr","15":"tag-france","16":"tag-guichet","17":"tag-ile","18":"tag-nantes","19":"tag-news","20":"tag-pays-de-la-loire","21":"tag-poste","22":"tag-republique-francaise"},"share_on_mastodon":{"url":"https:\/\/pubeurope.com\/@fr\/114941598314690877","error":""},"_links":{"self":[{"href":"https:\/\/www.europesays.com\/fr\/wp-json\/wp\/v2\/posts\/284024","targetHints":{"allow":["GET"]}}],"collection":[{"href":"https:\/\/www.europesays.com\/fr\/wp-json\/wp\/v2\/posts"}],"about":[{"href":"https:\/\/www.europesays.com\/fr\/wp-json\/wp\/v2\/types\/post"}],"author":[{"embeddable":true,"href":"https:\/\/www.europesays.com\/fr\/wp-json\/wp\/v2\/users\/2"}],"replies":[{"embeddable":true,"href":"https:\/\/www.europesays.com\/fr\/wp-json\/wp\/v2\/comments?post=284024"}],"version-history":[{"count":0,"href":"https:\/\/www.europesays.com\/fr\/wp-json\/wp\/v2\/posts\/284024\/revisions"}],"wp:featuredmedia":[{"embeddable":true,"href":"https:\/\/www.europesays.com\/fr\/wp-json\/wp\/v2\/media\/284025"}],"wp:attachment":[{"href":"https:\/\/www.europesays.com\/fr\/wp-json\/wp\/v2\/media?parent=284024"}],"wp:term":[{"taxonomy":"category","embeddable":true,"href":"https:\/\/www.europesays.com\/fr\/wp-json\/wp\/v2\/categories?post=284024"},{"taxonomy":"post_tag","embeddable":true,"href":"https:\/\/www.europesays.com\/fr\/wp-json\/wp\/v2\/tags?post=284024"}],"curies":[{"name":"wp","href":"https:\/\/api.w.org\/{rel}","templated":true}]}}