{"id":284030,"date":"2025-07-30T10:01:11","date_gmt":"2025-07-30T10:01:11","guid":{"rendered":"https:\/\/www.europesays.com\/fr\/284030\/"},"modified":"2025-07-30T10:01:11","modified_gmt":"2025-07-30T10:01:11","slug":"ex-girondins-une-ancienne-joueuse-de-bordeaux-championne-deurope","status":"publish","type":"post","link":"https:\/\/www.europesays.com\/fr\/284030\/","title":{"rendered":"Ex-Girondins : une ancienne joueuse de Bordeaux championne d&rsquo;Europe"},"content":{"rendered":"<p><img decoding=\"async\" src=\"https:\/\/www.europesays.com\/fr\/wp-content\/uploads\/2025\/07\/671_4f0025059b3c6896c6d66dd36c82f693.jpg\" alt=\"Ex-Girondins : une ancienne joueuse de Bordeaux championne d'Europe\" class=\"img-responsive mt-3\"\/><\/p>\n<p class=\"text-center mb-3\" style=\"font-size: 14px\">\u00a9 Iconsport<\/p>\n<p style=\"text-align: justify;\">Anna Moorhouse (30 ans, 1,85m) a \u00e9t\u00e9 sacr\u00e9e Championne d&rsquo;Europe avec la s\u00e9lection de l&rsquo;Angleterre ce week-end \u00e0 l&rsquo;Euro<\/p>\n<p style=\"text-align: justify;\">Gardienne num\u00e9ro 2 avec son pays, elle a port\u00e9 pendant une saison les couleurs des Girondins de Bordeaux (2020-2021).<\/p>\n<p style=\"text-align: justify;\">Aujourd&rsquo;hui, elle est devenue l&rsquo;une des gardiens de but embl\u00e9matiques du club am\u00e9ricain d&rsquo;Orlando Pride (62 matchs).<\/p>\n<p style=\"text-align: justify;\">\u00a0<\/p>\n<p>\u00c0 lire &gt;&gt; <strong><a href=\"https:\/\/www.webgirondins.com\/actualite-mercato-girondins-jan-hoekstra-avait-un-gros-potentiel-et-devra-etre-encadre-129867\" target=\"_blank\" rel=\"noopener\">\u00ab\u00a0Jan Hoekstra avait un gros potentiel et devra \u00eatre encadr\u00e9\u00a0\u00bb<\/a><\/strong><\/p>\n<p>Notre podcast court mercato et gardien de but :<\/p>\n<p>\u00a0<\/p>\n<p>\u00a0<\/p>\n","protected":false},"excerpt":{"rendered":"\u00a9 Iconsport Anna Moorhouse (30 ans, 1,85m) a \u00e9t\u00e9 sacr\u00e9e Championne d&rsquo;Europe avec la s\u00e9lection de l&rsquo;Angleterre ce&hellip;\n","protected":false},"author":2,"featured_media":284031,"comment_status":"","ping_status":"","sticky":false,"template":"","format":"standard","meta":{"footnotes":""},"categories":[2817],"tags":[1111,11,42317,8108,4708,42319,3475,1997,2045,2263,123,1086,1777,450,674,2823,12696,1295,1011,27,42318,1987,42315,42320,12,2219,9121,25,6938,42316],"class_list":{"0":"post-284030","1":"post","2":"type-post","3":"status-publish","4":"format-standard","5":"has-post-thumbnail","7":"category-bordeaux","8":"tag-actu","9":"tag-actualites","10":"tag-agit","11":"tag-ancienne","12":"tag-angleterre","13":"tag-anna","14":"tag-aussi","15":"tag-bordeaux","16":"tag-championne","17":"tag-equipe","18":"tag-espagne","19":"tag-etre","20":"tag-eu","21":"tag-euro","22":"tag-europe","23":"tag-face","24":"tag-fcgb","25":"tag-feminin","26":"tag-fr","27":"tag-france","28":"tag-gardienne","29":"tag-girondins","30":"tag-joueuse","31":"tag-moorhouse","32":"tag-news","33":"tag-nouvelle-aquitaine","34":"tag-permis","35":"tag-republique-francaise","36":"tag-sacre","37":"tag-titree"},"share_on_mastodon":{"url":"https:\/\/pubeurope.com\/@fr\/114941610233218546","error":""},"_links":{"self":[{"href":"https:\/\/www.europesays.com\/fr\/wp-json\/wp\/v2\/posts\/284030","targetHints":{"allow":["GET"]}}],"collection":[{"href":"https:\/\/www.europesays.com\/fr\/wp-json\/wp\/v2\/posts"}],"about":[{"href":"https:\/\/www.europesays.com\/fr\/wp-json\/wp\/v2\/types\/post"}],"author":[{"embeddable":true,"href":"https:\/\/www.europesays.com\/fr\/wp-json\/wp\/v2\/users\/2"}],"replies":[{"embeddable":true,"href":"https:\/\/www.europesays.com\/fr\/wp-json\/wp\/v2\/comments?post=284030"}],"version-history":[{"count":0,"href":"https:\/\/www.europesays.com\/fr\/wp-json\/wp\/v2\/posts\/284030\/revisions"}],"wp:featuredmedia":[{"embeddable":true,"href":"https:\/\/www.europesays.com\/fr\/wp-json\/wp\/v2\/media\/284031"}],"wp:attachment":[{"href":"https:\/\/www.europesays.com\/fr\/wp-json\/wp\/v2\/media?parent=284030"}],"wp:term":[{"taxonomy":"category","embeddable":true,"href":"https:\/\/www.europesays.com\/fr\/wp-json\/wp\/v2\/categories?post=284030"},{"taxonomy":"post_tag","embeddable":true,"href":"https:\/\/www.europesays.com\/fr\/wp-json\/wp\/v2\/tags?post=284030"}],"curies":[{"name":"wp","href":"https:\/\/api.w.org\/{rel}","templated":true}]}}