{"id":284038,"date":"2025-07-30T10:05:14","date_gmt":"2025-07-30T10:05:14","guid":{"rendered":"https:\/\/www.europesays.com\/fr\/284038\/"},"modified":"2025-07-30T10:05:14","modified_gmt":"2025-07-30T10:05:14","slug":"chevalier-lille-a-fixe-une-condition-nette-au-psg","status":"publish","type":"post","link":"https:\/\/www.europesays.com\/fr\/284038\/","title":{"rendered":"Chevalier, Lille a fix\u00e9 une condition nette au PSG"},"content":{"rendered":"<p><strong>Lucas Chevalier, gardien de 23 ans de Lille (contrat jusqu\u2019en 2027) et de l\u2019Equipe de France, est annonc\u00e9 comme proche du Paris Saint-Germain dans ce mercato afin de remplacer Gianluigi Donnarumma (26 ans, contrat jusqu\u2019en 2026 et prolongation bloqu\u00e9e). L\u2019Equipe affirme que le LOSC veut trouver le rempla\u00e7ant avant d\u2019ouvrir la porte. Et il y a une vraie difficult\u00e9 rencontr\u00e9e.<\/strong><\/p>\n<blockquote>\n<p>\u00ab\u00a0En discussions avec le Paris Saint-Germain pour recruter Lucas Chevalier, Lille a \u00e9t\u00e9 clair en expliquant aux dirigeants parisiens qu\u2019il faudrait d\u2019abord que le club trouve un rempla\u00e7ant avant de finaliser le d\u00e9part du Fran\u00e7ais. Le LOSC a ouvert plusieurs dossiers ces derniers jours dont celui menant \u00e0 Robin Roefs.<\/p>\n<p>Le N\u00e9erlandais de 22 ans n\u2019a pas \u00e9t\u00e9 plac\u00e9 tout en haut de la liste du club nordiste ce qui pourrait profiter \u00e0 Sunderland. Les Anglais ont d\u00e9j\u00e0 trouv\u00e9 un accord avec le NEC Nim\u00e8gue et le transfert pourrait \u00eatre rapidement finalis\u00e9 pour 12 M\u20ac.\u00a0\u00bb<\/p>\n<\/blockquote>\n<p>On se doute que Lille ne va pas simplement laisser son gardien titulaire partir vers le PSG sans avoir une solution certaine. C\u2019est logique, surtout que la comp\u00e9tition arrive vite. Ce qui pourrait ralentir l\u2019arriv\u00e9e c\u00f4t\u00e9 parisien, si jamais elle doit vraiment se faire alors qu\u2019il n\u2019y a encore rien de concret. N\u2019oublions pas que Donnarumma pourrait encore prolonger \u00e0 Paris.<\/p>\n<p>En tout cas, Chevalier n\u2019est pas arriv\u00e9 dans la capitale. On sait que le mercato peut s\u2019acc\u00e9l\u00e9rer rapidement, comme prendre beaucoup de temps. La patience est encore \u00e0 l\u2019ordre du jour, le mercato ferme en France le 1er septembre \u00e0 20h.<\/p>\n<p>\t\t\t\t\t\t\t\t\t\t\t\t\t\t\t\t\t\t\t\t\t\t\t<img loading=\"lazy\" src=\"https:\/\/www.europesays.com\/fr\/wp-content\/uploads\/2025\/04\/ParisFans_Logo.png\" decoding=\"async\" class=\"lazyload\" width=\"240\" height=\"54\" data-eio-rwidth=\"240\" data-eio-rheight=\"54\"\/><\/p>\n","protected":false},"excerpt":{"rendered":"Lucas Chevalier, gardien de 23 ans de Lille (contrat jusqu\u2019en 2027) et de l\u2019Equipe de France, est annonc\u00e9&hellip;\n","protected":false},"author":2,"featured_media":284039,"comment_status":"","ping_status":"","sticky":false,"template":"","format":"standard","meta":{"footnotes":""},"categories":[2815],"tags":[1111,11,1777,674,1011,27,811,1307,4668,12,25,96],"class_list":{"0":"post-284038","1":"post","2":"type-post","3":"status-publish","4":"format-standard","5":"has-post-thumbnail","7":"category-lille","8":"tag-actu","9":"tag-actualites","10":"tag-eu","11":"tag-europe","12":"tag-fr","13":"tag-france","14":"tag-hauts-de-france","15":"tag-lille","16":"tag-lucas-chevalier","17":"tag-news","18":"tag-republique-francaise","19":"tag-une"},"share_on_mastodon":{"url":"https:\/\/pubeurope.com\/@fr\/114941625919667731","error":""},"_links":{"self":[{"href":"https:\/\/www.europesays.com\/fr\/wp-json\/wp\/v2\/posts\/284038","targetHints":{"allow":["GET"]}}],"collection":[{"href":"https:\/\/www.europesays.com\/fr\/wp-json\/wp\/v2\/posts"}],"about":[{"href":"https:\/\/www.europesays.com\/fr\/wp-json\/wp\/v2\/types\/post"}],"author":[{"embeddable":true,"href":"https:\/\/www.europesays.com\/fr\/wp-json\/wp\/v2\/users\/2"}],"replies":[{"embeddable":true,"href":"https:\/\/www.europesays.com\/fr\/wp-json\/wp\/v2\/comments?post=284038"}],"version-history":[{"count":0,"href":"https:\/\/www.europesays.com\/fr\/wp-json\/wp\/v2\/posts\/284038\/revisions"}],"wp:featuredmedia":[{"embeddable":true,"href":"https:\/\/www.europesays.com\/fr\/wp-json\/wp\/v2\/media\/284039"}],"wp:attachment":[{"href":"https:\/\/www.europesays.com\/fr\/wp-json\/wp\/v2\/media?parent=284038"}],"wp:term":[{"taxonomy":"category","embeddable":true,"href":"https:\/\/www.europesays.com\/fr\/wp-json\/wp\/v2\/categories?post=284038"},{"taxonomy":"post_tag","embeddable":true,"href":"https:\/\/www.europesays.com\/fr\/wp-json\/wp\/v2\/tags?post=284038"}],"curies":[{"name":"wp","href":"https:\/\/api.w.org\/{rel}","templated":true}]}}