{"id":284042,"date":"2025-07-30T10:07:09","date_gmt":"2025-07-30T10:07:09","guid":{"rendered":"https:\/\/www.europesays.com\/fr\/284042\/"},"modified":"2025-07-30T10:07:09","modified_gmt":"2025-07-30T10:07:09","slug":"dramatique-accident-pres-de-marseille-une-personne-tuee-et-trois-autres-blessees","status":"publish","type":"post","link":"https:\/\/www.europesays.com\/fr\/284042\/","title":{"rendered":"Dramatique accident pr\u00e8s de Marseille. Une personne tu\u00e9e et trois autres bless\u00e9es"},"content":{"rendered":"<p>            Par<br \/>\n        <strong><br \/>\n            <a href=\"https:\/\/actu.fr\/auteur\/fabien-binacchi\" title=\"Consulter tous les articles de Fabien Binacchi\" target=\"_blank\" rel=\"noopener\">Fabien Binacchi<\/a><br \/>\n        <\/strong><\/p>\n<p>        Publi\u00e9 le<\/p>\n<p>            30 juil. 2025 \u00e0 11h38        <\/p>\n<p>Un tr\u00e8s grave accident de la route entre plusieurs v\u00e9hicules, dont un poids lourd, a fait plusieurs victimes ce mercredi 30\u00a0juillet 2025, sur l\u2019A7, <strong>au niveau de <a href=\"https:\/\/actu.fr\/provence-alpes-cote-d-azur\/vitrolles_13117\" target=\"_blank\" rel=\"noopener\">Vitrolles<\/a><\/strong> (<a href=\"https:\/\/actu.fr\/provence-alpes-cote-d-azur\/bouches-du-rhone_13\" target=\"_blank\" rel=\"noopener\">Bouches-du-Rh\u00f4ne<\/a>), au nord de la cit\u00e9 phoc\u00e9enne. Une personne est d\u00e9c\u00e9d\u00e9e, trois autres sont bless\u00e9es, dont une gri\u00e8vement, font savoir les secours.<\/p>\n<p class=\" wall-content\">L\u2019autoroute est coup\u00e9e dans le sens Lyon-<a href=\"https:\/\/actu.fr\/marseille\/\" target=\"_blank\" rel=\"noopener\">Marseille<\/a>.<\/p>\n<p>Un h\u00e9licopt\u00e8re sur place<\/p>\n<p class=\" wall-content\">Le choc s\u2019est produit <strong>vers 10h20<\/strong> ce mercredi 30\u00a0juillet 2025 un peu avant l\u2019a\u00e9roport de Marseille-Provence. \u00ab\u2009Une vingtaine de pompiers armant une dizaine d\u2019engins interviennent sur un accident de la circulation impliquant deux voitures et un poids lourd sur l\u2019A7\u2009\u00bb, indique le Service d\u00e9partemental d\u2019incendie et de secours des Bouches-du-Rh\u00f4ne.<\/p>\n<p class=\" wall-content\">\n<p class=\" wall-content\">Quatre victimes ont \u00e9t\u00e9 prises en charge par les secours, avec le soutien d\u2019un h\u00e9licopt\u00e8re de la S\u00e9curit\u00e9 civile. <strong>Il y a deux bless\u00e9s l\u00e9gers, un bless\u00e9 grave et \u00ab\u2009une personne est d\u00e9c\u00e9d\u00e9e<\/strong> malgr\u00e9 l\u2019action rapide des secours\u2009\u00bb, pr\u00e9cisent-ils.<\/p>\n<p class=\" wall-content\">Le conducteur du poids lourd est indemne.<\/p>\n<p>\u00c9viter le secteur<\/p>\n<p class=\" wall-content\">L\u2019accident s\u2019est produit entre les \u00e9changeurs 28 et 29. <strong>La sortie vers Berre-l\u2019\u00c9tang est obligatoire,<\/strong> l\u2019autoroute est ferm\u00e9e en descendant vers Marseille.<\/p>\n<p class=\" wall-content\">Un important ralentissement est constat\u00e9. Par ricochet, la D20 et la D113 sont \u00e9galement satur\u00e9es. Il est conseill\u00e9 d\u2019\u00e9viter la zone.<\/p>\n<p class=\" wall-content\">Suivez toute l\u2019actualit\u00e9 de vos villes et m\u00e9dias favoris en vous inscrivant \u00e0 <a href=\"https:\/\/moncompte.actu.fr\" title=\"D\u00e9couvez Mon Actu\" rel=\"nofollow noopener\" data-trk=\"{&quot;cta&quot;:{&quot;action&quot;:&quot;https:\\\/\\\/moncompte.actu.fr&quot;,&quot;category&quot;:&quot;mon compte&quot;,&quot;from&quot;:&quot;article footer&quot;,&quot;name&quot;:&quot;Mon actu&quot;,&quot;type&quot;:&quot;cta&quot;}}\" target=\"_blank\">Mon Actu<\/a>.<\/p>\n","protected":false},"excerpt":{"rendered":"Par Fabien Binacchi Publi\u00e9 le 30 juil. 2025 \u00e0 11h38 Un tr\u00e8s grave accident de la route entre&hellip;\n","protected":false},"author":2,"featured_media":284043,"comment_status":"","ping_status":"","sticky":false,"template":"","format":"standard","meta":{"footnotes":""},"categories":[2814],"tags":[119,1111,11,6423,1777,674,118,1011,27,884,12,1311,882,25],"class_list":{"0":"post-284042","1":"post","2":"type-post","3":"status-publish","4":"format-standard","5":"has-post-thumbnail","7":"category-marseille","8":"tag-accident","9":"tag-actu","10":"tag-actualites","11":"tag-autoroute-7-a7","12":"tag-eu","13":"tag-europe","14":"tag-faits-divers","15":"tag-fr","16":"tag-france","17":"tag-marseille","18":"tag-news","19":"tag-pompiers","20":"tag-provence-alpes-cote-dazur","21":"tag-republique-francaise"},"share_on_mastodon":{"url":"https:\/\/pubeurope.com\/@fr\/114941633993803985","error":""},"_links":{"self":[{"href":"https:\/\/www.europesays.com\/fr\/wp-json\/wp\/v2\/posts\/284042","targetHints":{"allow":["GET"]}}],"collection":[{"href":"https:\/\/www.europesays.com\/fr\/wp-json\/wp\/v2\/posts"}],"about":[{"href":"https:\/\/www.europesays.com\/fr\/wp-json\/wp\/v2\/types\/post"}],"author":[{"embeddable":true,"href":"https:\/\/www.europesays.com\/fr\/wp-json\/wp\/v2\/users\/2"}],"replies":[{"embeddable":true,"href":"https:\/\/www.europesays.com\/fr\/wp-json\/wp\/v2\/comments?post=284042"}],"version-history":[{"count":0,"href":"https:\/\/www.europesays.com\/fr\/wp-json\/wp\/v2\/posts\/284042\/revisions"}],"wp:featuredmedia":[{"embeddable":true,"href":"https:\/\/www.europesays.com\/fr\/wp-json\/wp\/v2\/media\/284043"}],"wp:attachment":[{"href":"https:\/\/www.europesays.com\/fr\/wp-json\/wp\/v2\/media?parent=284042"}],"wp:term":[{"taxonomy":"category","embeddable":true,"href":"https:\/\/www.europesays.com\/fr\/wp-json\/wp\/v2\/categories?post=284042"},{"taxonomy":"post_tag","embeddable":true,"href":"https:\/\/www.europesays.com\/fr\/wp-json\/wp\/v2\/tags?post=284042"}],"curies":[{"name":"wp","href":"https:\/\/api.w.org\/{rel}","templated":true}]}}