{"id":284059,"date":"2025-07-30T10:19:09","date_gmt":"2025-07-30T10:19:09","guid":{"rendered":"https:\/\/www.europesays.com\/fr\/284059\/"},"modified":"2025-07-30T10:19:09","modified_gmt":"2025-07-30T10:19:09","slug":"vos-questions-rdc-le-retour-de-jacques-kyabula-apres-deux-semaines-de-silence","status":"publish","type":"post","link":"https:\/\/www.europesays.com\/fr\/284059\/","title":{"rendered":"[Vos questions] RDC :\u00a0le retour de Jacques Kyabula apr\u00e8s deux semaines de silence"},"content":{"rendered":"<p>\n                                                Les journalistes et experts de RFI r\u00e9pondent \u00e9galement \u00e0 vos questions sur l&rsquo;ultimatum impos\u00e9 par Donald Trump \u00e0 la Russie, une loi sur la corruption en Ukraine et la condamnation d&rsquo;un ancien pr\u00e9sident colombien.                    <\/p>\n<p>                                                                RDC :\u00a0le retour de Jacques Kyabula apr\u00e8s deux semaines de silence\u00a0 <\/p>\n<p>Le gouverneur du Haut-Katanga, Jacques Kyabula, est revenu \u00e0 Kinshasa apr\u00e8s deux semaines d\u2019absence, alors qu\u2019il \u00e9tait convoqu\u00e9 pour un discours controvers\u00e9. Sait-on pourquoi il a \u00e9t\u00e9 absent pendant plus de deux semaines ? Que va-t-il se passer maintenant pour Jacques Kyabula ?<\/p>\n<p><strong>Avec <a href=\"https:\/\/www.rfi.fr\/fr\/auteur\/patient-ligodi\/\" target=\"_self\" rel=\"noopener\">Patient Ligodi<\/a>, journaliste au service Afrique de RFI.<\/strong><\/p>\n<p>\u00a0<\/p>\n<p>\u00a0<\/p>\n<p> Guerre en Ukraine : Donald Trump r\u00e9duit l\u2019ultimatum pour la paix\u00a0 <\/p>\n<p>Donald Trump a annonc\u00e9 r\u00e9duire le d\u00e9lai de 50 jours accord\u00e9 \u00e0 Moscou pour trouver un accord de paix avec l&rsquo;Ukraine. Pourquoi le pr\u00e9sident am\u00e9ricain veut-il encore raccourcir ce d\u00e9lai donn\u00e9 \u00e0 Vladimir Poutine ? De quels moyens de pression dispose Donald Trump pour forcer le Kremlin \u00e0 la paix ?<\/p>\n<p><strong>Avec <a href=\"https:\/\/shs.cairn.info\/publications-de-ulrich-bounat--761420?lang=fr\" target=\"_blank\" rel=\"noopener\">Ulrich Bounat<\/a>, analyste g\u00e9opolitique, chercheur-associ\u00e9 chez Euro Cr\u00e9ative.<\/strong><\/p>\n<p>\u00a0<\/p>\n<p>\u00a0<\/p>\n<p> Ukraine : une r\u00e9forme anticorruption qui fait pol\u00e9mique\u00a0 <\/p>\n<p>En Ukraine, des centaines de personnes ont manifest\u00e9 contre une loi remettant en cause l\u2019ind\u00e9pendance des institutions anticorruption. Que pr\u00e9voit cette loi exactement ? Pourquoi ne fait-elle pas l\u2019unanimit\u00e9 au sein de la population ukrainienne ?<\/p>\n<p><strong>Avec <a href=\"https:\/\/www.rfi.fr\/uk\/\u0430\u0432\u0442\u043e\u0440\/\u043a\u0441\u0435\u043d\u0456\u044f-\u0436\u043e\u0440\u043d\u043e\u043a\u043b\u0435\u0439\/\" target=\"_self\" rel=\"noopener\">Kseniya Zhornokley<\/a>, journaliste sp\u00e9cialis\u00e9e pour la r\u00e9daction ukrainienne de RFI.<\/strong><\/p>\n<p>\u00a0<\/p>\n<p>\u00a0<\/p>\n<p> Colombie : une d\u00e9cision judiciaire historique contre un ancien pr\u00e9sident\u00a0 <\/p>\n<p>Pour la premi\u00e8re fois en Colombie, un ancien pr\u00e9sident a \u00e9t\u00e9 reconnu coupable par la justice. Pourquoi cette d\u00e9cision est-elle consid\u00e9r\u00e9e comme historique ? Alvaro Uribe peut-il encore faire appel ?<\/p>\n<p><strong>Avec <a href=\"https:\/\/shs.cairn.info\/publications-de-Pascal-Drouhaud--22885?lang=fr\" target=\"_blank\" rel=\"noopener\">Pascal Drouhaud<\/a>, pr\u00e9sident de l\u2019association LatFran, sp\u00e9cialiste de l\u2019Am\u00e9rique latine.<\/strong><\/p>\n","protected":false},"excerpt":{"rendered":"Les journalistes et experts de RFI r\u00e9pondent \u00e9galement \u00e0 vos questions sur l&rsquo;ultimatum impos\u00e9 par Donald Trump \u00e0&hellip;\n","protected":false},"author":2,"featured_media":284060,"comment_status":"","ping_status":"","sticky":false,"template":"","format":"standard","meta":{"footnotes":""},"categories":[1590],"tags":[11,879,42321,4872,9395,1770,75,1777,674,12,4873,132,220,135],"class_list":{"0":"post-284059","1":"post","2":"type-post","3":"status-publish","4":"format-standard","5":"has-post-thumbnail","7":"category-ukraine","8":"tag-actualites","9":"tag-afrique","10":"tag-alvaro-uribe","11":"tag-appels-sur-lactualite","12":"tag-colombie","13":"tag-corruption","14":"tag-donald-trump","15":"tag-eu","16":"tag-europe","17":"tag-news","18":"tag-rdc","19":"tag-russie","20":"tag-ukraine","21":"tag-vladimir-poutine"},"share_on_mastodon":{"url":"https:\/\/pubeurope.com\/@fr\/114941680932513786","error":""},"_links":{"self":[{"href":"https:\/\/www.europesays.com\/fr\/wp-json\/wp\/v2\/posts\/284059","targetHints":{"allow":["GET"]}}],"collection":[{"href":"https:\/\/www.europesays.com\/fr\/wp-json\/wp\/v2\/posts"}],"about":[{"href":"https:\/\/www.europesays.com\/fr\/wp-json\/wp\/v2\/types\/post"}],"author":[{"embeddable":true,"href":"https:\/\/www.europesays.com\/fr\/wp-json\/wp\/v2\/users\/2"}],"replies":[{"embeddable":true,"href":"https:\/\/www.europesays.com\/fr\/wp-json\/wp\/v2\/comments?post=284059"}],"version-history":[{"count":0,"href":"https:\/\/www.europesays.com\/fr\/wp-json\/wp\/v2\/posts\/284059\/revisions"}],"wp:featuredmedia":[{"embeddable":true,"href":"https:\/\/www.europesays.com\/fr\/wp-json\/wp\/v2\/media\/284060"}],"wp:attachment":[{"href":"https:\/\/www.europesays.com\/fr\/wp-json\/wp\/v2\/media?parent=284059"}],"wp:term":[{"taxonomy":"category","embeddable":true,"href":"https:\/\/www.europesays.com\/fr\/wp-json\/wp\/v2\/categories?post=284059"},{"taxonomy":"post_tag","embeddable":true,"href":"https:\/\/www.europesays.com\/fr\/wp-json\/wp\/v2\/tags?post=284059"}],"curies":[{"name":"wp","href":"https:\/\/api.w.org\/{rel}","templated":true}]}}