{"id":284068,"date":"2025-07-30T10:24:11","date_gmt":"2025-07-30T10:24:11","guid":{"rendered":"https:\/\/www.europesays.com\/fr\/284068\/"},"modified":"2025-07-30T10:24:11","modified_gmt":"2025-07-30T10:24:11","slug":"le-cri-dalarme-du-monsieur-europe-demmanuel-macron-lexpress","status":"publish","type":"post","link":"https:\/\/www.europesays.com\/fr\/284068\/","title":{"rendered":"le cri d\u2019alarme du \u00ab\u00a0Monsieur Europe\u00a0\u00bb d\u2019Emmanuel Macron \u2013 L&rsquo;Express"},"content":{"rendered":"<p class=\"paragraph article-body-paragraph article__item   article-body-paragraph--first \">C\u2019est un cri du coeur autant qu\u2019un cri d\u2019alarme. Pieyre-Alexandre Anglade, le pr\u00e9sident macroniste de la commission des Affaires europ\u00e9ennes de l\u2019Assembl\u00e9e nationale, s\u2019insurge contre l\u2019accord <a href=\"https:\/\/www.lexpress.fr\/monde\/europe\/une-gifle-commerciale-les-droits-de-douane-ue-etats-unis-vus-par-la-presse-europeenne-N7GLSC2XTBAE3JVKVQVNCLULAY\/\" target=\"_self\" rel=\"nofollow noopener\" title=\"https:\/\/www.lexpress.fr\/monde\/europe\/une-gifle-commerciale-les-droits-de-douane-ue-etats-unis-vus-par-la-presse-europeenne-N7GLSC2XTBAE3JVKVQVNCLULAY\/\">sur les droits de douane<\/a> conclu entre Donald Trump et <a href=\"https:\/\/www.lexpress.fr\/economie\/politique-economique\/en-direct-donald-trump-et-ursula-von-der-leyen-se-rencontrent-pour-tenter-de-conclure-un-accord-MLV33CFZLNC2LP5YTIW35CMXJI\/\" target=\"_self\" rel=\"nofollow noopener\" title=\"https:\/\/www.lexpress.fr\/economie\/politique-economique\/en-direct-donald-trump-et-ursula-von-der-leyen-se-rencontrent-pour-tenter-de-conclure-un-accord-MLV33CFZLNC2LP5YTIW35CMXJI\/\">Ursula von der Leyen<\/a> et parle d\u2019une \u00ab\u00a0occasion historique manqu\u00e9e\u00a0\u00bb pour l\u2019Union europ\u00e9enne de d\u00e9montrer la force de son mod\u00e8le. Entretien.<\/p>\n<p class=\"paragraph article__item--bold article-body-paragraph article__item   \">L\u2019Express : Vous \u00eates tr\u00e8s critique \u00e0 l\u2019\u00e9gard de <a href=\"https:\/\/www.lexpress.fr\/economie\/politique-economique\/droits-de-douane-ce-que-sacrifie-bruxelles-face-a-donald-trump-UILW3Y4KOBEGBHSNR4XIJ7BUDU\/\" target=\"_self\" rel=\"nofollow noopener\" title=\"https:\/\/www.lexpress.fr\/economie\/politique-economique\/droits-de-douane-ce-que-sacrifie-bruxelles-face-a-donald-trump-UILW3Y4KOBEGBHSNR4XIJ7BUDU\/\">l\u2019accord<\/a> trouv\u00e9 entre Donald Trump et Ursula von der Leyen sur les droits de douane. En quoi trouvez-vous que celui-ci est nuisible pour l\u2019Union europ\u00e9enne et les Europ\u00e9ens ?<\/p>\n<p class=\"paragraph article-body-paragraph article__item   \"><b>Pieyre-Alexandre Anglade :<\/b> Cet accord est une d\u00e9faite pour la Commission europ\u00e9enne, qui n\u2019a ni voulu, ni su assumer le rapport de force <a href=\"https:\/\/www.lexpress.fr\/economie\/politique-economique\/droits-de-douane-ce-que-sacrifie-bruxelles-face-a-donald-trump-UILW3Y4KOBEGBHSNR4XIJ7BUDU\/\" target=\"_self\" rel=\"nofollow noopener\" title=\"https:\/\/www.lexpress.fr\/economie\/politique-economique\/droits-de-douane-ce-que-sacrifie-bruxelles-face-a-donald-trump-UILW3Y4KOBEGBHSNR4XIJ7BUDU\/\">avec Donald Trump. <\/a>Plut\u00f4t que de s\u2019appuyer sur la formidable puissance de son march\u00e9, l\u2019UE se contente de renforcer encore sa d\u00e9pendance transatlantique. Ces droits de douane am\u00e9ricains de 15 % cr\u00e9ent une \u00e9norme asym\u00e9trie qui p\u00e9nalise notre exc\u00e9dent commercial, encourage les d\u00e9localisations et menace l\u2019emploi en Europe.<\/p>\n<p><strong class=\"article-body-link-list__item text-gray-800 article-body-link-list__item--one-item\">LIRE AUSSI : <a class=\"article-body-link-list__item-link\" href=\"https:\/\/www.lexpress.fr\/economie\/droits-de-douane-pourquoi-il-faut-relativiser-la-victoire-americaine-5NPVLJXWFFGR5GWFVXGKY7FSUU\/\" target=\"_blank\" rel=\"noreferrer nofollow noopener\">Droits de douane : pourquoi il faut relativiser la \u00ab\u00a0victoire\u00a0\u00bb am\u00e9ricaine<\/a><\/strong><\/p>\n<p class=\"paragraph article-body-paragraph article__item   \">Il s\u2019agit l\u00e0 d\u2019un immense pr\u00e9judice auto-inflig\u00e9 et une occasion historique manqu\u00e9e de d\u00e9montrer au monde la force et la souverainet\u00e9 du mod\u00e8le europ\u00e9en. Non seulement les Europ\u00e9ens s\u2019engagent \u00e0 investir des centaines de milliards de plus aux Etats-Unis, mais ils accroissent aussi leur d\u00e9pendance aux hydrocarbures am\u00e9ricains, tournant le dos \u00e0 leurs ambitions d\u2019autonomie industrielle et \u00e9nerg\u00e9tique. C\u2019est un non-sens. Cet accord consacre une forme de renoncement strat\u00e9gique de l\u2019Union, dont la responsabilit\u00e9 ne saurait incomber \u00e0 la seule Commission. C\u2019est une faillite collective de la m\u00e9canique europ\u00e9enne et en particulier des chefs d\u2019Etat et de gouvernement qui ont paralys\u00e9 <a href=\"https:\/\/www.lexpress.fr\/economie\/droits-de-douane-si-donald-trump-veut-faire-nimporte-quoi-quil-le-fasse-TWTWH4VFR5CLXLTAHQVH5AFFSQ\/\" target=\"_self\" rel=\"nofollow noopener\" title=\"https:\/\/www.lexpress.fr\/economie\/droits-de-douane-si-donald-trump-veut-faire-nimporte-quoi-quil-le-fasse-TWTWH4VFR5CLXLTAHQVH5AFFSQ\/\">la Commission<\/a> en voulant chacun pr\u00e9server leurs int\u00e9r\u00eats. En entendre certains se satisfaire d\u2019un accord infamant au nom de la \u00ab\u00a0stabilit\u00e9\u00a0\u00bb d\u00e9montre qu\u2019ils n\u2019ont pas pris la mesure de l\u2019\u00e9poque.<\/p>\n<p class=\"paragraph article__item--bold article-body-paragraph article__item   \">Quelle aurait pu \u00eatre l\u2019autre strat\u00e9gie ? Le rapport de force pur et dur ? N\u2019est-ce pas une forme de pragmatisme qui l\u2019emporte, finalement ?<\/p>\n<p class=\"paragraph article-body-paragraph article__item   \">Bien s\u00fbr, le pragmatisme est n\u00e9cessaire. Mais encore faut-il que ce pragmatisme serve vraiment nos int\u00e9r\u00eats, et ne consiste pas simplement \u00e0 g\u00e9rer une d\u00e9faite annonc\u00e9e. Face \u00e0 des m\u00e9thodes de chantage, la seule vraie carte <a href=\"https:\/\/www.lexpress.fr\/economie\/droits-de-douane-pourquoi-leurope-a-accepte-les-conditions-de-donald-trump-74RPZDCQYNEJLG45EA35KW3EVI\/\" target=\"_self\" rel=\"nofollow noopener\" title=\"https:\/\/www.lexpress.fr\/economie\/droits-de-douane-pourquoi-leurope-a-accepte-les-conditions-de-donald-trump-74RPZDCQYNEJLG45EA35KW3EVI\/\">de l\u2019Europe<\/a>, c\u2019est d\u2019assumer pleinement sa puissance : nous sommes 450 millions de consommateurs, la premi\u00e8re force commerciale au monde. Certes, la stabilit\u00e9 \u00e9conomique est un objectif \u00e0 pr\u00e9server, mais cela ne fait pas une politique ! Se r\u00e9signer face \u00e0 un tel compromis, c\u2019est ne pas prendre la mesure de l\u2019\u00e9poque : soit l\u2019Europe devient une puissance capable de s\u2019affirmer, soit elle vivra ind\u00e9finiment sous la domination des empires.<\/p>\n<p class=\"paragraph article-body-paragraph article__item   \">Dans un monde de r\u00e9surgence du protectionnisme, d\u00e9fendre le multilat\u00e9ralisme exige aussi d\u2019utiliser avec fermet\u00e9 nos propres outils de rapport de force, comme l\u2019instrument anti-coercition europ\u00e9en. Nous avons la taille, la puissance \u00e9conomique et les leviers pour peser : il ne sert \u00e0 rien d\u2019\u00eatre un g\u00e9ant \u00e9conomique si l\u2019on continue d\u2019agir en nain politique. Le temps du sursaut est venu.<\/p>\n<p class=\"paragraph article__item--bold article-body-paragraph article__item   \">Mais ces n\u00e9gociations commerciales font partie d\u2019une relation plus globale avec les Etats-Unis ! Des mesures de r\u00e9torsion et un bras de fer, comme peut le faire la Chine, n\u2019auraient-ils pas \u00e9t\u00e9 contre-productifs, notamment en mati\u00e8re de d\u00e9fense ? L\u2019Europe a, qu\u2019on le veuille ou non, une main attach\u00e9e dans le dos et demeure li\u00e9e aux Am\u00e9ricains\u2026<\/p>\n<p class=\"paragraph article-body-paragraph article__item   \">Il est vrai que la relation entre l\u2019Europe et les \u00c9tats-Unis ne peut se r\u00e9duire \u00e0 une simple comp\u00e9tition commerciale : nous sommes des alli\u00e9s historiques, nous partageons des valeurs d\u00e9mocratiques et une alliance forte au sein <a href=\"https:\/\/www.lexpress.fr\/monde\/si-donald-trump-claque-la-porte-de-lotan-erdogan-peut-il-le-remplacer-J6UVKNAR2BDOLMGGPI6CS4MUDE\/\" target=\"_self\" rel=\"nofollow noopener\" title=\"https:\/\/www.lexpress.fr\/monde\/si-donald-trump-claque-la-porte-de-lotan-erdogan-peut-il-le-remplacer-J6UVKNAR2BDOLMGGPI6CS4MUDE\/\">de l\u2019Otan,<\/a> ce qui nous diff\u00e9rencie de la Chine qui peut imposer un rapport de force brutal. Il est incoh\u00e9rent de la part du pr\u00e9sident Trump de nous demander d\u2019investir toujours plus dans l\u2019Otan pour renforcer le partenariat transatlantique, tout en p\u00e9nalisant lourdement notre \u00e9conomie et nos emplois par des mesures commerciales agressives.<\/p>\n<p class=\"paragraph article-body-paragraph article__item   \">Les v\u00e9ritables forces d\u2019un partenariat, ce sont la confiance et le respect mutuel. L\u2019Europe n\u2019a pas vocation \u00e0 accepter d\u2019\u00eatre un vassal \u00e9conomique sous pr\u00e9texte d\u2019alliance strat\u00e9gique : il faut pouvoir d\u00e9fendre ses int\u00e9r\u00eats, trouver des compromis \u00e9quilibr\u00e9s, et, s\u2019il le faut, faire jouer ses propres leviers pour se faire respecter.<\/p>\n<p><strong class=\"article-body-link-list__item text-gray-800 article-body-link-list__item--one-item\">LIRE AUSSI : <a class=\"article-body-link-list__item-link\" href=\"https:\/\/www.lexpress.fr\/economie\/droits-de-douane-si-donald-trump-veut-faire-nimporte-quoi-quil-le-fasse-TWTWH4VFR5CLXLTAHQVH5AFFSQ\/\" target=\"_blank\" rel=\"noreferrer nofollow noopener\">Droits de douane : \u00ab\u00a0Si Donald Trump veut faire n\u2019importe quoi, qu\u2019il le fasse !\u00a0\u00bb<\/a><\/strong><\/p>\n<p class=\"paragraph article-body-paragraph article__item   \"><b>La France, et vous-m\u00eame, semblez sugg\u00e9rer qu\u2019il peut encore y avoir des marges de n\u00e9gociations\u2026 Sur quels domaines ? Comment ?<\/b> <\/p>\n<p class=\"paragraph article-body-paragraph article__item   \">Oui, il existe encore une marge de n\u00e9gociation, \u00e0 condition d\u2019utiliser enfin la puissance collective de l\u2019Europe. Il faut absolument prolonger la discussion sur la protection de nos secteurs industriels cl\u00e9s, imposer des contreparties tangibles pour nos investissements aux \u00c9tats-Unis.<\/p>\n<p><strong class=\"article-body-link-list__item text-gray-800 article-body-link-list__item--one-item\">LIRE AUSSI : <a class=\"article-body-link-list__item-link\" href=\"https:\/\/www.lexpress.fr\/economie\/droits-de-douane-pourquoi-leurope-a-accepte-les-conditions-de-donald-trump-74RPZDCQYNEJLG45EA35KW3EVI\/\" target=\"_blank\" rel=\"noreferrer nofollow noopener\">Droits de douane : pourquoi l\u2019Europe a accept\u00e9 les conditions de Donald Trump<\/a><\/strong><\/p>\n<p class=\"paragraph article-body-paragraph article__item   \">Mais il faut surtout engager de v\u00e9ritables mouvements europ\u00e9ens vers l\u2019autonomie strat\u00e9gique, avec une acc\u00e9l\u00e9ration des d\u00e9penses de d\u00e9fense, une diversification r\u00e9solue de nos cha\u00eenes d\u2019approvisionnement, et un renforcement de nos capacit\u00e9s de r\u00e9torsion commerciale. Le vrai enjeu, c\u2019est de sortir de la logique de soumission pour assumer pleinement notre puissance collective : c\u2019est le seul moyen d\u2019obtenir un accord enfin \u00e9quilibr\u00e9 et respectueux des int\u00e9r\u00eats europ\u00e9ens.<\/p>\n<p class=\"paragraph article__item--bold article-body-paragraph article__item   \">L\u2019ancien ministre des Affaires \u00e9trang\u00e8res St\u00e9phane S\u00e9journ\u00e9, d\u00e9sormais vice-pr\u00e9sident ex\u00e9cutif \u00e0 la prosp\u00e9rit\u00e9 et la strat\u00e9gie industrielle de la Commission europ\u00e9enne, s\u2019est r\u00e9joui de cet accord, contrairement \u00e0 Fran\u00e7ois Bayrou qui a parl\u00e9 de \u00ab\u00a0jour sombre\u00a0\u00bb\u2026 Comment comprendre ce manque d\u2019alignement fran\u00e7ais ?<\/p>\n<p class=\"paragraph article-body-paragraph article__item   \">Le Commissaire <a href=\"https:\/\/www.lexpress.fr\/monde\/europe\/stephane-sejourne-a-la-commission-europeenne-ce-grand-oral-quil-ne-faut-pas-rater-BTEHZVJPTRCKJIUGVCR2RGZQAM\/\" target=\"_self\" rel=\"nofollow noopener\" title=\"https:\/\/www.lexpress.fr\/monde\/europe\/stephane-sejourne-a-la-commission-europeenne-ce-grand-oral-quil-ne-faut-pas-rater-BTEHZVJPTRCKJIUGVCR2RGZQAM\/\">St\u00e9phane S\u00e9journ\u00e9<\/a> n\u2019est pas un ministre du gouvernement de <a href=\"https:\/\/www.lexpress.fr\/economie\/droits-de-douane-francois-bayrou-regrette-un-jour-sombre-ou-leurope-se-resout-a-la-soumission-2UV3UB22BFE4VFRYXUXEQRIWBI\/\" target=\"_self\" rel=\"nofollow noopener\" title=\"https:\/\/www.lexpress.fr\/economie\/droits-de-douane-francois-bayrou-regrette-un-jour-sombre-ou-leurope-se-resout-a-la-soumission-2UV3UB22BFE4VFRYXUXEQRIWBI\/\">Fran\u00e7ois Bayrou<\/a>, il d\u00e9fend assez logiquement le travail de la Commission europ\u00e9enne, dont il est vice-pr\u00e9sident. Il s\u2019est dit soulag\u00e9 qu\u2019un accord ait pu \u00e9viter la guerre commerciale, qui aurait \u00e9t\u00e9 d\u00e9sastreuse pour l\u2019Europe et il a raison sur ce point dans la mesure o\u00f9 nous \u00e9tions en situation d\u2019extr\u00eame faiblesse dans une n\u00e9gociation o\u00f9 la r\u00e8gle du plus fort a pr\u00e9valu. Mais nous devons voir plus loin.<\/p>\n<p class=\"paragraph article__item--bold article-body-paragraph article__item   \">On conna\u00eet les hautes ambitions du pr\u00e9sident Macron pour l\u2019Union : face \u00e0 ce qu\u2019il doit consid\u00e9rer, lui aussi, comme un \u00e9chec, La France doit-elle prendre des responsabilit\u00e9s plus grandes encore dans ces choix strat\u00e9giques et ces rapports de force avec les autres puissances ?<\/p>\n<p class=\"paragraph article-body-paragraph article__item   \">Ouvrons les yeux : autour de nous les menaces se multiplient. <a href=\"https:\/\/www.lexpress.fr\/idees-et-debats\/que-penserait-pericles-de-notre-democratie-sil-decouvrait-la-france-demmanuel-macron-YZ3JOPSOXVCNNBQM7OYDDYYPDU\/\" target=\"_self\" rel=\"nofollow noopener\" title=\"https:\/\/www.lexpress.fr\/idees-et-debats\/que-penserait-pericles-de-notre-democratie-sil-decouvrait-la-france-demmanuel-macron-YZ3JOPSOXVCNNBQM7OYDDYYPDU\/\">Le pr\u00e9sident Macron <\/a>alerte sans rel\u00e2che depuis 2017 pour faire bouger l\u2019Europe et avec de vraies r\u00e9ussites. Mais les blocages restent immenses et nous sommes confront\u00e9s \u00e0 un immobilisme affligeant, qui nous met d\u00e9sormais dans les mains des grandes puissances dominantes que sont la Russie, les Etats-Unis et la Chine.<b> <\/b>Nous vivons un moment existentiel pour l\u2019Europe. L\u2019an pass\u00e9 \u00e0 la Sorbonne, le pr\u00e9sident de la R\u00e9publique avait point\u00e9 le risque mortel pour le projet europ\u00e9en. Nous y sommes aujourd\u2019hui, car les empires ont d\u00e9cid\u00e9 de d\u00e9pecer l\u2019ordre international et l\u2019Europe est en premi\u00e8re ligne. Soit nous entrons en r\u00e9sistance, soit nous dispara\u00eetrons et nous deviendrons alors une zone d\u2019influence des empires.<\/p>\n<p><strong class=\"article-body-link-list__item text-gray-800 article-body-link-list__item--one-item\">LIRE AUSSI : <a class=\"article-body-link-list__item-link\" href=\"https:\/\/www.lexpress.fr\/environnement\/droits-de-douane-sur-lenergie-leurope-se-cree-une-nouvelle-forme-de-dependance-O6IA3HVHW5AGPMSI6GIAREVZAE\/\" target=\"_blank\" rel=\"noreferrer nofollow noopener\">Droits de douane : \u00ab\u00a0Sur l\u2019\u00e9nergie, l\u2019Europe se cr\u00e9e une nouvelle forme de d\u00e9pendance\u00a0\u00bb<\/a><\/strong><\/p>\n<p class=\"paragraph article-body-paragraph article__item   \">Dans ce moment clef, l\u2019UE doit rester concentr\u00e9e sur ses int\u00e9r\u00eats propres et acc\u00e9l\u00e9rer maintenant sur son agenda de comp\u00e9titivit\u00e9 : simplification r\u00e9glementaire, union des march\u00e9s de capitaux, innovation et production industrielle en Europe avec une pr\u00e9f\u00e9rence europ\u00e9enne, conditions de concurrence loyale. Car au-del\u00e0 de cet accord, nous sommes menac\u00e9s d\u2019un vrai risque de d\u00e9crochage face aux Etats-Unis et \u00e0 la Chine. La myopie en mati\u00e8re de souverainet\u00e9 dans les capitales est atterrante. Les grands empires sont \u00e0 l\u2019offensive et nous sommes \u00e0 la tra\u00eene pour changer le logiciel europ\u00e9en car nous sommes arriv\u00e9s au bout du syst\u00e8me. O\u00f9 est le sursaut de lucidit\u00e9 et de courage ? Notre souverainet\u00e9 sera europ\u00e9enne ou ne sera pas. Pour l\u2019heure, la r\u00e9forme promise de nos institutions est dans l\u2019impasse, au risque de notre cr\u00e9dibilit\u00e9 et de notre capacit\u00e9 d\u2019action g\u00e9ostrat\u00e9gique.<\/p>\n<p class=\"paragraph article__item--bold article-body-paragraph article__item   \">Ce que vous d\u00e9crivez comme \u00e9chec europ\u00e9en donne du grain \u00e0 moudre aux eurosceptiques et europhobes de tout poil. Ne valide-t-il pas en partie leur ligne ?<\/p>\n<p class=\"paragraph article-body-paragraph article__item   \">Non, cet \u00e9chec n\u2019a absolument rien d\u2019un argument en faveur des eurosceptiques du RN ou de LFI, bien au contraire. Le vrai probl\u00e8me, c\u2019est justement le manque d\u2019Europe \u2013 pas l\u2019exc\u00e8s. Ces partis ont syst\u00e9matiquement frein\u00e9 toute construction d\u2019une vraie souverainet\u00e9 europ\u00e9enne, que ce soit pour d\u00e9fendre nos int\u00e9r\u00eats industriels, commerciaux ou en mati\u00e8re de d\u00e9fense : \u00e0 chaque \u00e9tape, ils combattent l\u2019\u00e9mergence d\u2019une Europe-puissance capable de tenir t\u00eate \u00e0 Washington ou \u00e0 P\u00e9kin.<\/p>\n<p class=\"paragraph article-body-paragraph article__item    article__text__endpicto\">Ce ne sont pas les soi-disant patriotes du RN, \u00e9ternels admirateurs de la ligne Trump, qui viennent ramper \u00e0 Washington \u00e0 chaque occasion, qui vont d\u00e9fendre les int\u00e9r\u00eats fran\u00e7ais ou europ\u00e9ens : leur hypocrisie en fait en r\u00e9alit\u00e9 les idiots utiles de ceux qui veulent affaiblir notre continent. Ils parlent de souverainet\u00e9, mais s\u2019opposent syst\u00e9matiquement \u00e0 l\u2019Europe puissance, qui seule nous donnerait les moyens de nous faire respecter sur la sc\u00e8ne internationale.<\/p>\n<p>.<\/p>\n","protected":false},"excerpt":{"rendered":"C\u2019est un cri du coeur autant qu\u2019un cri d\u2019alarme. Pieyre-Alexandre Anglade, le pr\u00e9sident macroniste de la commission des&hellip;\n","protected":false},"author":2,"featured_media":284069,"comment_status":"","ping_status":"","sticky":false,"template":"","format":"standard","meta":{"footnotes":""},"categories":[1586],"tags":[11,1777,674,1779,1011,27,12,316,25,1778,364],"class_list":{"0":"post-284068","1":"post","2":"type-post","3":"status-publish","4":"format-standard","5":"has-post-thumbnail","7":"category-europe","8":"tag-actualites","9":"tag-eu","10":"tag-europe","11":"tag-european-union","12":"tag-fr","13":"tag-france","14":"tag-news","15":"tag-politique","16":"tag-republique-francaise","17":"tag-ue","18":"tag-union-europeenne"},"share_on_mastodon":{"url":"https:\/\/pubeurope.com\/@fr\/114941700615349677","error":""},"_links":{"self":[{"href":"https:\/\/www.europesays.com\/fr\/wp-json\/wp\/v2\/posts\/284068","targetHints":{"allow":["GET"]}}],"collection":[{"href":"https:\/\/www.europesays.com\/fr\/wp-json\/wp\/v2\/posts"}],"about":[{"href":"https:\/\/www.europesays.com\/fr\/wp-json\/wp\/v2\/types\/post"}],"author":[{"embeddable":true,"href":"https:\/\/www.europesays.com\/fr\/wp-json\/wp\/v2\/users\/2"}],"replies":[{"embeddable":true,"href":"https:\/\/www.europesays.com\/fr\/wp-json\/wp\/v2\/comments?post=284068"}],"version-history":[{"count":0,"href":"https:\/\/www.europesays.com\/fr\/wp-json\/wp\/v2\/posts\/284068\/revisions"}],"wp:featuredmedia":[{"embeddable":true,"href":"https:\/\/www.europesays.com\/fr\/wp-json\/wp\/v2\/media\/284069"}],"wp:attachment":[{"href":"https:\/\/www.europesays.com\/fr\/wp-json\/wp\/v2\/media?parent=284068"}],"wp:term":[{"taxonomy":"category","embeddable":true,"href":"https:\/\/www.europesays.com\/fr\/wp-json\/wp\/v2\/categories?post=284068"},{"taxonomy":"post_tag","embeddable":true,"href":"https:\/\/www.europesays.com\/fr\/wp-json\/wp\/v2\/tags?post=284068"}],"curies":[{"name":"wp","href":"https:\/\/api.w.org\/{rel}","templated":true}]}}