{"id":284078,"date":"2025-07-30T10:30:12","date_gmt":"2025-07-30T10:30:12","guid":{"rendered":"https:\/\/www.europesays.com\/fr\/284078\/"},"modified":"2025-07-30T10:30:12","modified_gmt":"2025-07-30T10:30:12","slug":"pierre-mignoni-sous-le-charme-de-lune-de-ses-recrues","status":"publish","type":"post","link":"https:\/\/www.europesays.com\/fr\/284078\/","title":{"rendered":"Pierre Mignoni sous le charme de l&rsquo;une de ses recrues !"},"content":{"rendered":"<p>Polyvalent, pr\u00e9coce et ambitieux, Mathis Fert\u00e9 d\u00e9barque sur la rade avec la ferme intention de s\u2019imposer dans l\u2019effectif toulonnais.<\/p>\n<p>\u00c0 21 ans, l\u2019ancien Briviste cumule d\u00e9j\u00e0 une solide exp\u00e9rience du haut niveau et incarne parfaitement la jeunesse dynamique sur laquelle mise le RCT pour franchir un cap cette saison.<\/p>\n<p>Form\u00e9 \u00e0 Brive, le jeune arri\u00e8re \u2013 capable de jouer ailier, demi de m\u00eal\u00e9e ou m\u00eame centre \u2013 ne d\u00e9barque pas \u00e0 Toulon comme un espoir en rodage, mais bien comme un joueur confirm\u00e9.<\/p>\n<p>Avec plus de 70 matches disput\u00e9s en Top 14 et en Pro D2, Fert\u00e9 arrive dans le Var avec un bagage que peu de joueurs de son \u00e2ge poss\u00e8dent.<\/p>\n<p>Sa signature a d\u2019ailleurs \u00e9t\u00e9 v\u00e9cue comme une petite victoire en interne, tant sa polyvalence est per\u00e7ue comme un atout strat\u00e9gique souligne <a href=\"https:\/\/www.varmatin.com\/rugby\/mathis-ferte-l-atout-polyvalence-du-rugby-club-toulonnais-996185\" rel=\"nofollow noopener\" target=\"_blank\">Var-Matin<\/a> dans un article consacr\u00e9 au jeune talent.<\/p>\n<p><strong>Pierre Mignoni ne cache pas sa satisfaction. Extrait :<\/strong><\/p>\n<p>\u201cC\u2019est pr\u00e9cieux d\u2019avoir un joueur comme \u00e7a. On l\u2019a beaucoup suivi depuis des ann\u00e9es et on est tr\u00e8s, tr\u00e8s heureux d\u2019avoir pu le faire venir. Il va nous amener cette polyvalence, mais pas que. C\u2019est un joueur qui a \u00e9norm\u00e9ment de qualit\u00e9s offensives et d\u00e9fensives. C\u2019est un vrai bon joueur de rugby.\u201d<\/p>\n<p>Capable d\u2019encha\u00eener les postes dans la ligne arri\u00e8re avec une rare aisance, Fert\u00e9 devrait \u00eatre align\u00e9 en priorit\u00e9 \u00e0 l\u2019aile dans un premier temps. Mais sa facult\u00e9 d\u2019adaptation lui permettra sans doute de d\u00e9panner en 15 ou en 9 au fil de la saison, selon les besoins du groupe.<\/p>\n<p>Au-del\u00e0 de sa polyvalence, c\u2019est son sens du jeu et son engagement qui ont s\u00e9duit le staff.<\/p>\n<p>Le natif du Lot ne d\u00e9barquera pas en terrain inconnu. Son premier match chez les professionnels, il l\u2019a disput\u00e9 \u00e0 Mayol, en octobre 2022, sous les couleurs de Brive. Un souvenir marquant, et peut-\u00eatre un clin d\u2019\u0153il du destin, au moment d\u2019entamer sa nouvelle aventure toulonnaise.<\/p>\n","protected":false},"excerpt":{"rendered":"Polyvalent, pr\u00e9coce et ambitieux, Mathis Fert\u00e9 d\u00e9barque sur la rade avec la ferme intention de s\u2019imposer dans l\u2019effectif&hellip;\n","protected":false},"author":2,"featured_media":284079,"comment_status":"","ping_status":"","sticky":false,"template":"","format":"standard","meta":{"footnotes":""},"categories":[1416],"tags":[1011,27,479,1468,60],"class_list":{"0":"post-284078","1":"post","2":"type-post","3":"status-publish","4":"format-standard","5":"has-post-thumbnail","7":"category-rugby","8":"tag-fr","9":"tag-france","10":"tag-rugby","11":"tag-rugby-football","12":"tag-sports"},"share_on_mastodon":{"url":"https:\/\/pubeurope.com\/@fr\/114941724209297650","error":""},"_links":{"self":[{"href":"https:\/\/www.europesays.com\/fr\/wp-json\/wp\/v2\/posts\/284078","targetHints":{"allow":["GET"]}}],"collection":[{"href":"https:\/\/www.europesays.com\/fr\/wp-json\/wp\/v2\/posts"}],"about":[{"href":"https:\/\/www.europesays.com\/fr\/wp-json\/wp\/v2\/types\/post"}],"author":[{"embeddable":true,"href":"https:\/\/www.europesays.com\/fr\/wp-json\/wp\/v2\/users\/2"}],"replies":[{"embeddable":true,"href":"https:\/\/www.europesays.com\/fr\/wp-json\/wp\/v2\/comments?post=284078"}],"version-history":[{"count":0,"href":"https:\/\/www.europesays.com\/fr\/wp-json\/wp\/v2\/posts\/284078\/revisions"}],"wp:featuredmedia":[{"embeddable":true,"href":"https:\/\/www.europesays.com\/fr\/wp-json\/wp\/v2\/media\/284079"}],"wp:attachment":[{"href":"https:\/\/www.europesays.com\/fr\/wp-json\/wp\/v2\/media?parent=284078"}],"wp:term":[{"taxonomy":"category","embeddable":true,"href":"https:\/\/www.europesays.com\/fr\/wp-json\/wp\/v2\/categories?post=284078"},{"taxonomy":"post_tag","embeddable":true,"href":"https:\/\/www.europesays.com\/fr\/wp-json\/wp\/v2\/tags?post=284078"}],"curies":[{"name":"wp","href":"https:\/\/api.w.org\/{rel}","templated":true}]}}