{"id":284093,"date":"2025-07-30T10:39:10","date_gmt":"2025-07-30T10:39:10","guid":{"rendered":"https:\/\/www.europesays.com\/fr\/284093\/"},"modified":"2025-07-30T10:39:10","modified_gmt":"2025-07-30T10:39:10","slug":"a-carpentras-la-librairie-de-lhorloge-reconnaissante-mais-toujours-vigilantee","status":"publish","type":"post","link":"https:\/\/www.europesays.com\/fr\/284093\/","title":{"rendered":"\u00e0 Carpentras, la librairie de l&rsquo;Horloge reconnaissante mais toujours vigilantee"},"content":{"rendered":"<p>\u00ab\u00a0L\u2019inqui\u00e9tude enfle au sein de notre petite \u00e9quipe de libraires [\u2026] elle a besoin de vous, de vous tous\u00a0!\u00a0\u00bb. \u00c9criture blanche sur fond rouge, c\u2019est un message d\u2019alerte doubl\u00e9 d\u2019un appel \u00e0 l\u2019aide que le personnel de <a href=\"https:\/\/www.laprovence.com\/article\/region\/3850617068793514\/la-librairie-de-lhorloge-va-sinstaller-dans-lancienne-maison-de-la-presse-a-carpentras-en-2026\" target=\"_blank\" rel=\"nofollow noopener\">la librairie de l\u2019Horloge<\/a>, \u00e0 Carpentras, avait diffus\u00e9 le 26\u00a0juin dernier sur les r\u00e9seaux sociaux. Face aux difficult\u00e9s structurelles que conna\u00eet le secteur du livre, mais aussi face \u00e0 la conjoncture \u00e9conomique compliqu\u00e9e \u00e0 laquelle vient s\u2019ajouter la c<a href=\"https:\/\/www.laprovence.com\/article\/region\/82136379478390\/pour-habiller-ma-fille-je-vais-au-pontet-a-carpentras-le-fleau-des-commerces-vacants-en-centre-ville\" target=\"_blank\" rel=\"nofollow noopener\">rise du commerce en centre-ville<\/a> qui n\u2019\u00e9pargne pas Carpentras, l\u2019unique librairie de la cit\u00e9 comtadine tirait la sonnette d\u2019alarme.<\/p>\n<p>\u00ab\u00a0Je surveille chaque fin de mois<br \/>comme le lait sur le feu\u00a0\u00bb<\/p>\n<p>\u00ab\u00a0Notre activit\u00e9 est marqu\u00e9e par une forte saisonnalit\u00e9. Nous faisons 65% de notre chiffre d\u2019affaires durant la premi\u00e8re partie de l\u2019ann\u00e9e\u00a0\u00bb, d\u00e9taille Didier Bonnet, \u00e0 la t\u00eate de l\u2019\u00e9tablissement. S\u2019il est assez habituel que les ventes se tassent apr\u00e8s les f\u00eates, cette fois-ci, la fr\u00e9quentation n\u2019a fait que diminuer au cours des semaines suivantes.<\/p>\n","protected":false},"excerpt":{"rendered":"\u00ab\u00a0L\u2019inqui\u00e9tude enfle au sein de notre petite \u00e9quipe de libraires [\u2026] elle a besoin de vous, de vous&hellip;\n","protected":false},"author":2,"featured_media":284094,"comment_status":"","ping_status":"","sticky":false,"template":"","format":"standard","meta":{"footnotes":""},"categories":[1357],"tags":[17,1379,23542,251,58,59,1011,27,14783,1380,16285,3946,4565,42325,5261],"class_list":{"0":"post-284093","1":"post","2":"type-post","3":"status-publish","4":"format-standard","5":"has-post-thumbnail","7":"category-livres","8":"tag-17","9":"tag-books","10":"tag-carpentras","11":"tag-culture","12":"tag-divertissement","13":"tag-entertainment","14":"tag-fr","15":"tag-france","16":"tag-librairie","17":"tag-livres","18":"tag-ne","19":"tag-nous","20":"tag-nouveau","21":"tag-oubliez","22":"tag-pas"},"share_on_mastodon":{"url":"https:\/\/pubeurope.com\/@fr\/114941759761567736","error":""},"_links":{"self":[{"href":"https:\/\/www.europesays.com\/fr\/wp-json\/wp\/v2\/posts\/284093","targetHints":{"allow":["GET"]}}],"collection":[{"href":"https:\/\/www.europesays.com\/fr\/wp-json\/wp\/v2\/posts"}],"about":[{"href":"https:\/\/www.europesays.com\/fr\/wp-json\/wp\/v2\/types\/post"}],"author":[{"embeddable":true,"href":"https:\/\/www.europesays.com\/fr\/wp-json\/wp\/v2\/users\/2"}],"replies":[{"embeddable":true,"href":"https:\/\/www.europesays.com\/fr\/wp-json\/wp\/v2\/comments?post=284093"}],"version-history":[{"count":0,"href":"https:\/\/www.europesays.com\/fr\/wp-json\/wp\/v2\/posts\/284093\/revisions"}],"wp:featuredmedia":[{"embeddable":true,"href":"https:\/\/www.europesays.com\/fr\/wp-json\/wp\/v2\/media\/284094"}],"wp:attachment":[{"href":"https:\/\/www.europesays.com\/fr\/wp-json\/wp\/v2\/media?parent=284093"}],"wp:term":[{"taxonomy":"category","embeddable":true,"href":"https:\/\/www.europesays.com\/fr\/wp-json\/wp\/v2\/categories?post=284093"},{"taxonomy":"post_tag","embeddable":true,"href":"https:\/\/www.europesays.com\/fr\/wp-json\/wp\/v2\/tags?post=284093"}],"curies":[{"name":"wp","href":"https:\/\/api.w.org\/{rel}","templated":true}]}}