{"id":284113,"date":"2025-07-30T10:49:14","date_gmt":"2025-07-30T10:49:14","guid":{"rendered":"https:\/\/www.europesays.com\/fr\/284113\/"},"modified":"2025-07-30T10:49:14","modified_gmt":"2025-07-30T10:49:14","slug":"il-y-a-eu-une-inversion-avec-celui-dune-autre-commune-a-roscoff-le-feu-dartifice-tire-le-13-juillet-netait-pas-le-bon","status":"publish","type":"post","link":"https:\/\/www.europesays.com\/fr\/284113\/","title":{"rendered":"\u00ab\u00a0Il y a eu une inversion avec celui d\u2019une autre commune\u00a0\u00bb\u00a0: \u00e0 Roscoff, le feu d\u2019artifice tir\u00e9 le 13\u00a0juillet n\u2019\u00e9tait pas le bon\u00a0!"},"content":{"rendered":"<p>Le spectacle pyrotechnique propos\u00e9 dimanche 13 juillet 2025, \u00e0 Roscoff, n\u2019a pas \u00e9t\u00e9 \u00e0 la hauteur des attentes de la municipalit\u00e9, ni de celles de la population. Et pour cause\u00a0: il n\u2019\u00e9tait pas le bon\u00a0! Le projet a \u00e9t\u00e9 invers\u00e9 avec celui d\u2019une autre commune.<\/p>\n<p>Un feu d\u2019artifice plus puissant pour compenser<\/p>\n<p>\u00ab\u00a0La prestation n\u2019\u00e9tait pas celle pr\u00e9vue au contrat, explique la municipalit\u00e9 dans un communiqu\u00e9. Une erreur de la soci\u00e9t\u00e9 charg\u00e9e de la conception et du tir du feu d\u2019artifice a caus\u00e9 une inversion de projet avec celui d\u2019une commune limitrophe.\u00a0\u00bb Cons\u00e9quence\u00a0: cette confusion a entra\u00een\u00e9 \u00ab\u00a0une prestation avec une bande-son incorrecte et une dur\u00e9e plus courte\u00a0\u00bb.<\/p>\n<p><img decoding=\"async\" src=\"https:\/\/www.europesays.com\/fr\/wp-content\/uploads\/2025\/07\/6889de7a17f671935c0f83f0.1.jpeg\" width=\"480\" height=\"300\" class=\"web_golden_m\" loading=\"lazy\" alt=\"Un feu d\u2019artifice sera tir\u00e9 \u00e0 Roscoff jeudi 14\u00a0ao\u00fbt, dans une version am\u00e9lior\u00e9e.\"\/>Un feu d\u2019artifice sera tir\u00e9 \u00e0 Roscoff jeudi 14\u00a0ao\u00fbt, dans une version am\u00e9lior\u00e9e. (Photo Municipalit\u00e9 de Roscoff)<\/p>\n<p>Pour r\u00e9parer ce pr\u00e9judice, le technicien s\u2019est engag\u00e9 \u00e0 proposer une version am\u00e9lior\u00e9e du feu d\u2019artifice. Il sera tir\u00e9 le jeudi 14 ao\u00fbt et sera \u00ab\u00a0plus puissant avec des calibres augment\u00e9s\u00a0\u00bb. En amont du feu d\u2019artifice le groupe Emezi, \u00ab\u00a0duo f\u00e9minin pop, groove, RnB, \u00e0 qui la langue bretonne tient \u00e0 c\u0153ur\u00a0\u00bb, se produira dans la soir\u00e9e. La commune b\u00e9n\u00e9ficiaire de l\u2019inversion n\u2019a, semble-t-il, \u00e9mis aucune protestation\u2026<\/p>\n","protected":false},"excerpt":{"rendered":"Le spectacle pyrotechnique propos\u00e9 dimanche 13 juillet 2025, \u00e0 Roscoff, n\u2019a pas \u00e9t\u00e9 \u00e0 la hauteur des attentes&hellip;\n","protected":false},"author":2,"featured_media":284114,"comment_status":"","ping_status":"","sticky":false,"template":"","format":"standard","meta":{"footnotes":""},"categories":[4],"tags":[11,829,765,3321,1011,27,1757,2131,12,25,11837],"class_list":{"0":"post-284113","1":"post","2":"type-post","3":"status-publish","4":"format-standard","5":"has-post-thumbnail","7":"category-france","8":"tag-actualites","9":"tag-bretagne","10":"tag-en-continu","11":"tag-finistere","12":"tag-fr","13":"tag-france","14":"tag-insolite","15":"tag-morlaix","16":"tag-news","17":"tag-republique-francaise","18":"tag-roscoff"},"share_on_mastodon":{"url":"https:\/\/pubeurope.com\/@fr\/114941798918523294","error":""},"_links":{"self":[{"href":"https:\/\/www.europesays.com\/fr\/wp-json\/wp\/v2\/posts\/284113","targetHints":{"allow":["GET"]}}],"collection":[{"href":"https:\/\/www.europesays.com\/fr\/wp-json\/wp\/v2\/posts"}],"about":[{"href":"https:\/\/www.europesays.com\/fr\/wp-json\/wp\/v2\/types\/post"}],"author":[{"embeddable":true,"href":"https:\/\/www.europesays.com\/fr\/wp-json\/wp\/v2\/users\/2"}],"replies":[{"embeddable":true,"href":"https:\/\/www.europesays.com\/fr\/wp-json\/wp\/v2\/comments?post=284113"}],"version-history":[{"count":0,"href":"https:\/\/www.europesays.com\/fr\/wp-json\/wp\/v2\/posts\/284113\/revisions"}],"wp:featuredmedia":[{"embeddable":true,"href":"https:\/\/www.europesays.com\/fr\/wp-json\/wp\/v2\/media\/284114"}],"wp:attachment":[{"href":"https:\/\/www.europesays.com\/fr\/wp-json\/wp\/v2\/media?parent=284113"}],"wp:term":[{"taxonomy":"category","embeddable":true,"href":"https:\/\/www.europesays.com\/fr\/wp-json\/wp\/v2\/categories?post=284113"},{"taxonomy":"post_tag","embeddable":true,"href":"https:\/\/www.europesays.com\/fr\/wp-json\/wp\/v2\/tags?post=284113"}],"curies":[{"name":"wp","href":"https:\/\/api.w.org\/{rel}","templated":true}]}}