{"id":284115,"date":"2025-07-30T10:50:12","date_gmt":"2025-07-30T10:50:12","guid":{"rendered":"https:\/\/www.europesays.com\/fr\/284115\/"},"modified":"2025-07-30T10:50:12","modified_gmt":"2025-07-30T10:50:12","slug":"patrick-sebastien-accuse-davoir-recu-une-fellation-sur-scene-se-defend-et-assure-que-lacte-etait-mime","status":"publish","type":"post","link":"https:\/\/www.europesays.com\/fr\/284115\/","title":{"rendered":"Patrick S\u00e9bastien, accus\u00e9 d&rsquo;avoir re\u00e7u une fellation sur sc\u00e8ne, se d\u00e9fend et assure que l&rsquo;acte \u00e9tait \u00ab\u00a0mim\u00e9\u00a0\u00bb"},"content":{"rendered":"<p class=\"article-p mdl\">Le 22 juillet dernier, Patrick S\u00e9bastien a donn\u00e9 un concert au Cap d\u2019Agde (H\u00e9rault) dans un camping naturiste. Or, la soir\u00e9e a d\u00e9g\u00e9n\u00e9r\u00e9. D\u2019apr\u00e8s les informations de Mediapart, se basant sur des t\u00e9moignages de \u00ab\u00a0vacanciers et employ\u00e9s choqu\u00e9s\u00a0\u00bb, le chanteur a offert une sc\u00e8ne bien particuli\u00e8re aux 2.000 spectateurs, dont des enfants : <strong>une fellation sur sc\u00e8ne<\/strong>.<\/p>\n<p class=\"article-p mdl\">Au moment de chanter son c\u00e9l\u00e8bre tube Les Sardines, il a demand\u00e9 \u00e0 plusieurs femmes de monter sur sc\u00e8ne. \u00ab\u00a0<strong>Je veux que des filles<\/strong>. Applaudissez mes petites sardines bien dodues ! Putain y a de la mati\u00e8re ce soir ! Pas trop, je voudrais pas que la sc\u00e8ne p\u00e8te ! Y a des canons ce soir\u00a0\u00bb, aurait-il lanc\u00e9.<\/p>\n<p class=\"article-p mdl\">Sur sc\u00e8ne, l\u2019une d\u2019elles lui touche le sexe, avant que\u00a0<a class=\"link\" href=\"https:\/\/www.rtl.fr\/culture\/medias-people\/video-les-grosses-tetes-choquees-par-le-nouvel-album-de-patrick-sebastien-7900499888\" title=\"VID\u00c9O - &quot;Les Grosses T\u00eates&quot; choqu\u00e9es par le nouvel album de Patrick S\u00e9bastien\" target=\"_blank\" rel=\"noopener\">Patrick S\u00e9bastien<\/a>\u00a0ne se mette <strong>face \u00e0 elle, dos au public, tout en semblant d\u00e9faire son pantalon<\/strong>. La femme s\u2019est alors agenouill\u00e9e, tout en r\u00e9alisant plusieurs mouvements avec ses mains au niveau du sexe et des fesses du chanteur, durant 10 secondes. Des images que l&rsquo;on peut voir sur une vid\u00e9o post\u00e9e sur les r\u00e9seaux sociaux.<\/p>\n<p>            Patrick S\u00e9bastien et le camping se d\u00e9fendent<\/p>\n<p class=\"article-p mdl\">Sollicit\u00e9 par\u00a0<a class=\"link\" href=\"https:\/\/www.mediapart.fr\/journal\/france\/290725\/au-cap-d-agde-devant-des-familles-patrick-sebastien-offre-une-fellation-en-guise-de\" target=\"_blank\" rel=\"noopener\">Mediapart<\/a>, le chanteur assure qu\u2019il ne s\u2019agit pas d\u2019une fellation, mais seulement d\u2019un acte \u00ab\u00a0mim\u00e9\u00a0\u00bb. Son avocat, Me Robin Binsard, pointe plut\u00f4t du doigt <strong>la responsabilit\u00e9 de \u00ab\u00a0cette femme qui faisait partie du public<\/strong> (dont) l\u2019intervention n\u2019\u00e9tait ni pr\u00e9vue ni souhait\u00e9e\u00a0\u00bb, tout en fustigeant des \u00ab\u00a0calomnies\u00a0\u00bb. Il pr\u00e9cise \u00e9galement que Patrick S\u00e9bastien n\u2019\u00e9tait pas inform\u00e9 de la pr\u00e9sence de mineurs \u00e0 ce spectacle.<\/p>\n<p class=\"article-p mdl\">De son c\u00f4t\u00e9, la direction du camping h\u00e9raultais s\u2019est aussi d\u00e9fendue, \u00e9voquant \u00ab\u00a0un comportement d\u2019ordre sexuel (qui) s\u2019\u00e9tait bri\u00e8vement produit, de mani\u00e8re totalement impr\u00e9visible\u00a0\u00bb et <strong>un \u00ab\u00a0d\u00e9rapage\u00a0\u00bb<\/strong>. \u00ab\u00a0Nous tenons \u00e0 exprimer tr\u00e8s clairement notre d\u00e9sapprobation face \u00e0 cet acte, en contradiction totale avec les engagements pris par la production et les principes qui r\u00e9gissent notre \u00e9tablissement\u00a0\u00bb, a fait savoir le camping au m\u00e9dia d&rsquo;investigation.<\/p>\n<p>    La r\u00e9daction vous recommande<\/p>\n<p class=\"s-newsletter__title\">\n                L\u2019actualit\u00e9 par la r\u00e9daction de RTL dans votre bo\u00eete mail.\n            <\/p>\n<p class=\"s-newsletter__subtitle\">\n                Gr\u00e2ce \u00e0 votre compte RTL abonnez-vous \u00e0 la newsletter RTL info pour suivre toute l&rsquo;actualit\u00e9 au quotidien\n            <\/p>\n<p>\n                                    Lire la suite\n                                <\/p>\n","protected":false},"excerpt":{"rendered":"Le 22 juillet dernier, Patrick S\u00e9bastien a donn\u00e9 un concert au Cap d\u2019Agde (H\u00e9rault) dans un camping naturiste.&hellip;\n","protected":false},"author":2,"featured_media":284116,"comment_status":"","ping_status":"","sticky":false,"template":"","format":"standard","meta":{"footnotes":""},"categories":[2],"tags":[11,24692,1697,107,1011,27,7089,12,6097,15436],"class_list":{"0":"post-284115","1":"post","2":"type-post","3":"status-publish","4":"format-standard","5":"has-post-thumbnail","7":"category-actualites","8":"tag-actualites","9":"tag-camping","10":"tag-concert","11":"tag-fil-info","12":"tag-fr","13":"tag-france","14":"tag-herault","15":"tag-news","16":"tag-patrick-sebastien","17":"tag-sexe"},"share_on_mastodon":{"url":"https:\/\/pubeurope.com\/@fr\/114941802885448521","error":""},"_links":{"self":[{"href":"https:\/\/www.europesays.com\/fr\/wp-json\/wp\/v2\/posts\/284115","targetHints":{"allow":["GET"]}}],"collection":[{"href":"https:\/\/www.europesays.com\/fr\/wp-json\/wp\/v2\/posts"}],"about":[{"href":"https:\/\/www.europesays.com\/fr\/wp-json\/wp\/v2\/types\/post"}],"author":[{"embeddable":true,"href":"https:\/\/www.europesays.com\/fr\/wp-json\/wp\/v2\/users\/2"}],"replies":[{"embeddable":true,"href":"https:\/\/www.europesays.com\/fr\/wp-json\/wp\/v2\/comments?post=284115"}],"version-history":[{"count":0,"href":"https:\/\/www.europesays.com\/fr\/wp-json\/wp\/v2\/posts\/284115\/revisions"}],"wp:featuredmedia":[{"embeddable":true,"href":"https:\/\/www.europesays.com\/fr\/wp-json\/wp\/v2\/media\/284116"}],"wp:attachment":[{"href":"https:\/\/www.europesays.com\/fr\/wp-json\/wp\/v2\/media?parent=284115"}],"wp:term":[{"taxonomy":"category","embeddable":true,"href":"https:\/\/www.europesays.com\/fr\/wp-json\/wp\/v2\/categories?post=284115"},{"taxonomy":"post_tag","embeddable":true,"href":"https:\/\/www.europesays.com\/fr\/wp-json\/wp\/v2\/tags?post=284115"}],"curies":[{"name":"wp","href":"https:\/\/api.w.org\/{rel}","templated":true}]}}