{"id":284117,"date":"2025-07-30T10:51:20","date_gmt":"2025-07-30T10:51:20","guid":{"rendered":"https:\/\/www.europesays.com\/fr\/284117\/"},"modified":"2025-07-30T10:51:20","modified_gmt":"2025-07-30T10:51:20","slug":"tranquillite-rue-durafour-2-hommes-arretes-en-30-minutes","status":"publish","type":"post","link":"https:\/\/www.europesays.com\/fr\/284117\/","title":{"rendered":"tranquillit\u00e9 rue Durafour, 2 hommes arr\u00eat\u00e9s en 30 minutes"},"content":{"rendered":"<p><img decoding=\"async\" class=\"\" style=\"width:100%\" src=\"https:\/\/www.europesays.com\/fr\/wp-content\/uploads\/2025\/04\/technology_g439ae2d1d_64016599514161011660029994977.jpg\" alt=\"gyrophare police\"\/><\/p>\n<p>gyrophare police<\/p>\n<p>Cr\u00e9dit : gyrophare police<\/p>\n<p><a href=\"https:\/\/www.activradio.com\/saint-etienne-les-epiceries-devront-desormais-fermer-a-22-heures\" rel=\"noopener\" target=\"_blank\">Alors que plusieurs mesures sont entr\u00e9es en vigueur vendredi 25 juillet dernier<\/a>, dans le but de faire respecter la tranquillit\u00e9 dans plusieurs quartiers st\u00e9phanois, la police a d\u00fb intervenir rue Durafour. Une patrouille a \u00e9t\u00e9 d\u00e9p\u00each\u00e9e dans la nuit de dimanche \u00e0 lundi. Elle a d\u2019abord interpell\u00e9 un homme qui faisait vrombir son Audi, dans la rue, 23h30 pass\u00e9s. En prime, le conducteur n\u2019avait pas d\u2019assurance et plus de points sur son permis (ndlr, qu&rsquo;il \u00e9tait cens\u00e9 rendre, il \u00e9tait en \u00e9tat de r\u00e9cidive).<\/p>\n<p>Mais les policiers n&rsquo;auront pas fait le d\u00e9placement pour rien, puisque l\u2019histoire ne s\u2019arr\u00eate pas l\u00e0. Lors de leur intervention, un individu en train de fumer un joint, avachi sur une voiture, s\u2019est mis \u00e0 les insulter. Son taux d\u2019alcool : 2,12 grammes.<\/p>\n<p>Les 2 st\u00e9phanois \u00e2g\u00e9s d&rsquo;une vingtaine d&rsquo;ann\u00e9es seront convoqu\u00e9s prochainement devant la justice.<\/p>\n","protected":false},"excerpt":{"rendered":"gyrophare police Cr\u00e9dit : gyrophare police Alors que plusieurs mesures sont entr\u00e9es en vigueur vendredi 25 juillet dernier,&hellip;\n","protected":false},"author":2,"featured_media":52513,"comment_status":"","ping_status":"","sticky":false,"template":"","format":"standard","meta":{"footnotes":""},"categories":[9653],"tags":[1111,11,5702,2430,39637,1777,674,1011,27,3913,12,9121,1072,25,4001],"class_list":{"0":"post-284117","1":"post","2":"type-post","3":"status-publish","4":"format-standard","5":"has-post-thumbnail","7":"category-saint-etienne","8":"tag-actu","9":"tag-actualites","10":"tag-alcool","11":"tag-auvergne-rhone-alpes","12":"tag-durafour","13":"tag-eu","14":"tag-europe","15":"tag-fr","16":"tag-france","17":"tag-jeune","18":"tag-news","19":"tag-permis","20":"tag-police","21":"tag-republique-francaise","22":"tag-saint-etienne"},"share_on_mastodon":{"url":"https:\/\/pubeurope.com\/@fr\/114941806899957971","error":""},"_links":{"self":[{"href":"https:\/\/www.europesays.com\/fr\/wp-json\/wp\/v2\/posts\/284117","targetHints":{"allow":["GET"]}}],"collection":[{"href":"https:\/\/www.europesays.com\/fr\/wp-json\/wp\/v2\/posts"}],"about":[{"href":"https:\/\/www.europesays.com\/fr\/wp-json\/wp\/v2\/types\/post"}],"author":[{"embeddable":true,"href":"https:\/\/www.europesays.com\/fr\/wp-json\/wp\/v2\/users\/2"}],"replies":[{"embeddable":true,"href":"https:\/\/www.europesays.com\/fr\/wp-json\/wp\/v2\/comments?post=284117"}],"version-history":[{"count":0,"href":"https:\/\/www.europesays.com\/fr\/wp-json\/wp\/v2\/posts\/284117\/revisions"}],"wp:featuredmedia":[{"embeddable":true,"href":"https:\/\/www.europesays.com\/fr\/wp-json\/wp\/v2\/media\/52513"}],"wp:attachment":[{"href":"https:\/\/www.europesays.com\/fr\/wp-json\/wp\/v2\/media?parent=284117"}],"wp:term":[{"taxonomy":"category","embeddable":true,"href":"https:\/\/www.europesays.com\/fr\/wp-json\/wp\/v2\/categories?post=284117"},{"taxonomy":"post_tag","embeddable":true,"href":"https:\/\/www.europesays.com\/fr\/wp-json\/wp\/v2\/tags?post=284117"}],"curies":[{"name":"wp","href":"https:\/\/api.w.org\/{rel}","templated":true}]}}