{"id":284120,"date":"2025-07-30T10:53:11","date_gmt":"2025-07-30T10:53:11","guid":{"rendered":"https:\/\/www.europesays.com\/fr\/284120\/"},"modified":"2025-07-30T10:53:11","modified_gmt":"2025-07-30T10:53:11","slug":"cerville-clap-de-fin-pour-le-centre-de-loisirs-du-foyer-rural","status":"publish","type":"post","link":"https:\/\/www.europesays.com\/fr\/284120\/","title":{"rendered":"Cerville. Clap de fin pour le centre de loisirs du foyer rural"},"content":{"rendered":"<p>Vendredi, avec une f\u00eate m\u00ealant th\u00e9\u00e2tre, danse, hip-hop, graff et rap, fruits des initiations des 3 semaines pass\u00e9es au centre a\u00e9r\u00e9, 40 enfants de 5 a 12 ans se sont pr\u00e9sent\u00e9s sur sc\u00e8ne pour offrir un spectacle plac\u00e9 sous le signe d\u2019une l\u00e9gende\u00a0: Cerville deviendrait en 2056 la capitale de la France\u00a0!<\/p>\n<p>Les parents ont appr\u00e9ci\u00e9 le spectacle et remerci\u00e9 l\u2019\u00e9quipe d\u2019animation pour le travail accompli pendant ces 3 semaines aupr\u00e8s de 140 enfants.<\/p>\n","protected":false},"excerpt":{"rendered":"Vendredi, avec une f\u00eate m\u00ealant th\u00e9\u00e2tre, danse, hip-hop, graff et rap, fruits des initiations des 3 semaines pass\u00e9es&hellip;\n","protected":false},"author":2,"featured_media":284121,"comment_status":"","ping_status":"","sticky":false,"template":"","format":"standard","meta":{"footnotes":""},"categories":[9635],"tags":[1111,11,12080,23783,1687,1704,1777,674,1011,27,775,1702,12,25],"class_list":{"0":"post-284120","1":"post","2":"type-post","3":"status-publish","4":"format-standard","5":"has-post-thumbnail","7":"category-nancy","8":"tag-actu","9":"tag-actualites","10":"tag-cc-de-seille-et-grand-couronne-54b","11":"tag-cerville","12":"tag-culture-loisirs","13":"tag-edition-nancy-et-agglomeration","14":"tag-eu","15":"tag-europe","16":"tag-fr","17":"tag-france","18":"tag-grand-est","19":"tag-nancy","20":"tag-news","21":"tag-republique-francaise"},"share_on_mastodon":{"url":"https:\/\/pubeurope.com\/@fr\/114941814734148614","error":""},"_links":{"self":[{"href":"https:\/\/www.europesays.com\/fr\/wp-json\/wp\/v2\/posts\/284120","targetHints":{"allow":["GET"]}}],"collection":[{"href":"https:\/\/www.europesays.com\/fr\/wp-json\/wp\/v2\/posts"}],"about":[{"href":"https:\/\/www.europesays.com\/fr\/wp-json\/wp\/v2\/types\/post"}],"author":[{"embeddable":true,"href":"https:\/\/www.europesays.com\/fr\/wp-json\/wp\/v2\/users\/2"}],"replies":[{"embeddable":true,"href":"https:\/\/www.europesays.com\/fr\/wp-json\/wp\/v2\/comments?post=284120"}],"version-history":[{"count":0,"href":"https:\/\/www.europesays.com\/fr\/wp-json\/wp\/v2\/posts\/284120\/revisions"}],"wp:featuredmedia":[{"embeddable":true,"href":"https:\/\/www.europesays.com\/fr\/wp-json\/wp\/v2\/media\/284121"}],"wp:attachment":[{"href":"https:\/\/www.europesays.com\/fr\/wp-json\/wp\/v2\/media?parent=284120"}],"wp:term":[{"taxonomy":"category","embeddable":true,"href":"https:\/\/www.europesays.com\/fr\/wp-json\/wp\/v2\/categories?post=284120"},{"taxonomy":"post_tag","embeddable":true,"href":"https:\/\/www.europesays.com\/fr\/wp-json\/wp\/v2\/tags?post=284120"}],"curies":[{"name":"wp","href":"https:\/\/api.w.org\/{rel}","templated":true}]}}