{"id":284122,"date":"2025-07-30T10:54:14","date_gmt":"2025-07-30T10:54:14","guid":{"rendered":"https:\/\/www.europesays.com\/fr\/284122\/"},"modified":"2025-07-30T10:54:14","modified_gmt":"2025-07-30T10:54:14","slug":"charte-anti-alcool-ce-que-prevoit-lexperimentation-inedite-testee-a-nancy","status":"publish","type":"post","link":"https:\/\/www.europesays.com\/fr\/284122\/","title":{"rendered":"Charte \u00ab\u00a0anti-alcool\u00a0\u00bb : ce que pr\u00e9voit l&rsquo;exp\u00e9rimentation in\u00e9dite test\u00e9e \u00e0 Nancy"},"content":{"rendered":"<ul class=\"jsx-862013697 ArticleChapo__List\">\n<li class=\"jsx-862013697 ArticleChapo__List_Item flex\">Afin de limiter la consommation d&rsquo;alcool dans l&rsquo;espace public, la mairie de Nancy teste depuis la mi-juillet une mesure radicale.<\/li>\n<li class=\"jsx-862013697 ArticleChapo__List_Item flex\">Elle demande aux enseignes du centre-ville de ne plus vendre de bi\u00e8res fortes \u00e0 l&rsquo;unit\u00e9.<\/li>\n<li class=\"jsx-862013697 ArticleChapo__List_Item flex\">Une d\u00e9cision qui divise commer\u00e7ants et habitants.<\/li>\n<\/ul>\n<p><a href=\"https:\/\/www.tf1info.fr\/emissions\/tf1\/le-13h-10927\/\" rel=\"noopener\" class=\"jsx-484472199 Link jsx-1428418400 jsx-640816507\" target=\"_blank\"><\/p>\n<p style=\"font-weight:400\" class=\"jsx-1837267516\">Suivez la couverture compl\u00e8te<\/p>\n<p style=\"font-weight:800\" class=\"jsx-1837267516\">Le 13H<\/p>\n<p><\/a><\/p>\n<p data-module=\"article-paragraph\" class=\"jsx-3046738180 Paragraph Paragraph__End\">Pour lutter contre <a href=\"https:\/\/www.tf1info.fr\/politique\/assemblee-proposition-de-loi-des-strategies-dangereuses-les-influenceurs-bientot-interdits-de-faire-la-publicite-de-l-alcool-2349017.html\" target=\"_blank\" rel=\"noopener\">l&rsquo;abus d&rsquo;alcool et les incivilit\u00e9s qui vont avec<\/a>, la mairie de Nancy avait limit\u00e9 en 2024 la vente de produits alcoolis\u00e9s dans certains quartiers du centre-ville. En vain. Elle a donc d\u00e9cid\u00e9 depuis la mi-juillet de tenter une exp\u00e9rience in\u00e9dite. Et cette fois, elle vise un certain type de boissons en particulier. \u00ab\u00a0Le produit qui est aujourd&rsquo;hui le plus g\u00e9n\u00e9rateur de troubles \u00e0 l&rsquo;ordre public, c&rsquo;est la bi\u00e8re forte. Donc plus de 6 degr\u00e9s, moins de 3 euros, souvent vendue \u00e0 l&rsquo;unit\u00e9 dans tout type de contenant\u00a0\u00bb, d\u00e9taille le maire Matthieu Klein dans le reportage ci-dessus. Et de pr\u00e9ciser : \u00ab\u00a0Il s&rsquo;agit de retirer tout simplement ce produit de la vente pendant une exp\u00e9rimentation de six mois\u00a0\u00bb.\u00a0<\/p>\n<blockquote class=\"jsx-2786790838 Quote__Text\"><p>Je pense que pouvoir d\u00e9banaliser ce type de consommation, \u00e7a peut \u00eatre qu&rsquo;une bonne chose.<\/p><\/blockquote>\n<p>Une riveraine<\/p>\n<p data-module=\"article-paragraph\" class=\"jsx-3046738180 Paragraph\">Une charte a donc \u00e9t\u00e9 propos\u00e9e aux 52 points de vente d&rsquo;alcool de Nancy. Certains ont accept\u00e9. Ils ont d\u00e9stock\u00e9 les boissons concern\u00e9es malgr\u00e9 le manque \u00e0 gagner. \u00ab\u00a0C&rsquo;est du 500-600 euros par mois, je pense\u00a0\u00bb, souligne un commer\u00e7ant, sous couvert d&rsquo;anonymat. D&rsquo;autres ont refus\u00e9 pour la m\u00eame raison. L&rsquo;un d&rsquo;eux estime que s&rsquo;il signe cette charte, il va \u00ab\u00a0se tirer une balle dans le pied\u00a0\u00bb. Au final, aucun commer\u00e7ant concern\u00e9 n&rsquo;a souhait\u00e9 s&rsquo;exprimer face \u00e0 la cam\u00e9ra de TF1.\u00a0<\/p>\n<p data-module=\"article-paragraph\" class=\"jsx-3046738180 Paragraph Paragraph__End\">Le sujet est sensible, car il divise aussi les habitants du centre-ville de Nancy. Une m\u00e8re de famille semble, elle, satisfaite. \u00ab\u00a0Ah bah oui, je travaille juste \u00e0 c\u00f4t\u00e9, donc il y a souvent des r\u00e9sidus dans les rues, donc \u00e7a fera un peu plus de propret\u00e9\u00a0\u00bb, lance-t-elle. Un jeune homme trouve en revanche que \u00ab\u00a0ce n&rsquo;est pas tr\u00e8s d\u00e9terminant pour la lutte de ce probl\u00e8me\u00a0\u00bb. Ce que d\u00e9sapprouve une jeune femme. \u00ab\u00a0Quand on voit le taux de mortalit\u00e9 en France et le taux de violences qui sont engendr\u00e9es par l&rsquo;alcool, je pense que pouvoir d\u00e9banaliser ce type de consommation, \u00e7a peut \u00eatre qu&rsquo;une bonne chose\u00a0\u00bb, affirme-t-elle.\u00a0<\/p>\n<p><a href=\"https:\/\/www.tf1info.fr\/societe\/vente-d-alcool-aux-mineurs-pres-de-9-supermarches-sur-10-enfreignent-la-loi-2380621.html\" rel=\"noopener\" class=\"jsx-3308031228 Link flex\" target=\"_blank\"><img decoding=\"async\" src=\"https:\/\/www.europesays.com\/fr\/wp-content\/uploads\/2025\/07\/achat-alcool-illu-4d8ac6-0@1x.jpeg\" alt=\"Getty Images\/iStockphoto\" loading=\"lazy\" importance=\"low\" fetchpriority=\"low\" class=\"\" aria-hidden=\"true\"\/><\/p>\n<p class=\"jsx-3657663356 ReadMoreArticle__Title\">Lire aussi<\/p>\n<p class=\"jsx-3657663356\">Vente d&rsquo;alcool aux mineurs : pr\u00e8s de 9 supermarch\u00e9s sur 10 enfreignent la loi<\/p>\n<p><\/a><\/p>\n<p data-module=\"article-paragraph\" class=\"jsx-3046738180 Paragraph Paragraph__End\">Pour limiter la consommation d&rsquo;alcool, la ville de Nancy promet aussi la cr\u00e9ation d&rsquo;une halte de soins aux addictions.<\/p>\n<p>La r\u00e9daction de TF1info | Reportage : Vincent DIETSCH et Vincent RUCKLY<\/p>\n","protected":false},"excerpt":{"rendered":"Afin de limiter la consommation d&rsquo;alcool dans l&rsquo;espace public, la mairie de Nancy teste depuis la mi-juillet une&hellip;\n","protected":false},"author":2,"featured_media":284123,"comment_status":"","ping_status":"","sticky":false,"template":"","format":"standard","meta":{"footnotes":""},"categories":[9635],"tags":[1111,11,1921,1777,674,1011,27,775,1922,5008,1702,12,25,133,12115],"class_list":{"0":"post-284122","1":"post","2":"type-post","3":"status-publish","4":"format-standard","5":"has-post-thumbnail","7":"category-nancy","8":"tag-actu","9":"tag-actualites","10":"tag-article-video","11":"tag-eu","12":"tag-europe","13":"tag-fr","14":"tag-france","15":"tag-grand-est","16":"tag-info","17":"tag-le-13h","18":"tag-nancy","19":"tag-news","20":"tag-republique-francaise","21":"tag-video","22":"tag-video-conso-et-tendances"},"share_on_mastodon":{"url":"https:\/\/pubeurope.com\/@fr\/114941818629335004","error":""},"_links":{"self":[{"href":"https:\/\/www.europesays.com\/fr\/wp-json\/wp\/v2\/posts\/284122","targetHints":{"allow":["GET"]}}],"collection":[{"href":"https:\/\/www.europesays.com\/fr\/wp-json\/wp\/v2\/posts"}],"about":[{"href":"https:\/\/www.europesays.com\/fr\/wp-json\/wp\/v2\/types\/post"}],"author":[{"embeddable":true,"href":"https:\/\/www.europesays.com\/fr\/wp-json\/wp\/v2\/users\/2"}],"replies":[{"embeddable":true,"href":"https:\/\/www.europesays.com\/fr\/wp-json\/wp\/v2\/comments?post=284122"}],"version-history":[{"count":0,"href":"https:\/\/www.europesays.com\/fr\/wp-json\/wp\/v2\/posts\/284122\/revisions"}],"wp:featuredmedia":[{"embeddable":true,"href":"https:\/\/www.europesays.com\/fr\/wp-json\/wp\/v2\/media\/284123"}],"wp:attachment":[{"href":"https:\/\/www.europesays.com\/fr\/wp-json\/wp\/v2\/media?parent=284122"}],"wp:term":[{"taxonomy":"category","embeddable":true,"href":"https:\/\/www.europesays.com\/fr\/wp-json\/wp\/v2\/categories?post=284122"},{"taxonomy":"post_tag","embeddable":true,"href":"https:\/\/www.europesays.com\/fr\/wp-json\/wp\/v2\/tags?post=284122"}],"curies":[{"name":"wp","href":"https:\/\/api.w.org\/{rel}","templated":true}]}}