{"id":284132,"date":"2025-07-30T10:59:15","date_gmt":"2025-07-30T10:59:15","guid":{"rendered":"https:\/\/www.europesays.com\/fr\/284132\/"},"modified":"2025-07-30T10:59:15","modified_gmt":"2025-07-30T10:59:15","slug":"cinq-mineurs-interpelles-apres-des-vols-avec-agression-a-rouen-deux-autres-suspects-toujours-recherches","status":"publish","type":"post","link":"https:\/\/www.europesays.com\/fr\/284132\/","title":{"rendered":"Cinq mineurs interpell\u00e9s apr\u00e8s des vols avec agression \u00e0 Rouen, deux autres suspects toujours recherch\u00e9s"},"content":{"rendered":"<p>Cinq mineurs ont \u00e9t\u00e9 interpell\u00e9s apr\u00e8s des vols violents r\u00e9alis\u00e9s \u00e0 Rouen entre ce lundi 28 et ce mardi 29 juillet. Un couteau a \u00e9t\u00e9 retrouv\u00e9 sur eux, alors que deux autres suspects sont actuellement recherch\u00e9s.<\/p>\n<p>Un groupe d&rsquo;adolescents a \u00e9t\u00e9 interpell\u00e9, ce mardi 29 juillet, apr\u00e8s le signalement d&rsquo;agressions suivies de vols <a href=\"https:\/\/www.bfmtv.com\/normandie\/j-ai-perdu-quatre-dents-face-aux-agressions-les-buralistes-formes-au-self-defense-a-rouen_AV-202506180179.html\" title=\"&quot;J&#039;ai perdu quatre dents&quot;: face aux agressions, les buralistes form\u00e9s au self-d\u00e9fense \u00e0 Rouen\" class=\"internal_link\" rel=\"nofollow noopener\" target=\"_blank\">\u00e0 Rouen<\/a>, a appris BFM Normandie de la part de la police nationale de Seine-Maritime.<\/p>\n<p>La premi\u00e8re agression s&rsquo;est d\u00e9roul\u00e9e ce lundi 28 juillet, en plein centre-ville. Un jeune homme de 19 ans a \u00e9t\u00e9 encercl\u00e9 par plusieurs personnes qui l&rsquo;ont menac\u00e9 avec une gazeuse, en lui demandant ses \u00e9couteurs et sa sacoche. La victime a \u00e9t\u00e9 gaz\u00e9e et bless\u00e9e \u00e0 l&rsquo;oreille \u00e0 la suite d&rsquo;un coup. Le jeune homme a port\u00e9 plainte.<\/p>\n<p>Un couteau avec une lame de 12cm<\/p>\n<p>Le lendemain, aux alentours de 18h30, une personne de 18 ans a \u00e9t\u00e9 frapp\u00e9e et a \u00e9t\u00e9 rackett\u00e9e \u00e0 la station de bus Th\u00e9\u00e2tre des Arts par une dizaine d&rsquo;individus. Les agresseurs \u00e9taient en possession d&rsquo;une gazeuse et ont d\u00e9rob\u00e9 le casque audio de la victime.<\/p>\n<p>Les policiers ont pu identifier les auteurs avec les images de vid\u00e9o-surveillance de la ville. Quelques minutes apr\u00e8s cette nouvelle agression, une troisi\u00e8me s&rsquo;est d\u00e9roul\u00e9e \u00e0 l&rsquo;arr\u00eat Mont Riboudet.<\/p>\n<p>Cette fois, les policiers ont pu intervenir et interpeller cinq des sept suspects pr\u00e9sents sur place. Les deux autres restent recherch\u00e9s.<\/p>\n<p>L&rsquo;ensemble des mis en cause interpell\u00e9s <a href=\"https:\/\/www.bfmtv.com\/police-justice\/ces-actes-sont-totalement-inadmissibles-une-ecole-vandalisee-a-arles-trois-mineurs-interpelles_AN-202507290489.html\" title=\"&quot;Ces actes sont totalement inadmissibles&quot;: une \u00e9cole vandalis\u00e9e \u00e0 Arles, trois mineurs interpell\u00e9s\" class=\"internal_link\" rel=\"nofollow noopener\" target=\"_blank\">sont mineurs<\/a> et ont entre 13 et 16 ans. Un brise-vitre et un couteau avec une lame de 12cm ont \u00e9t\u00e9 retrouv\u00e9s sur eux.<\/p>\n<p>Aubert Guinamard avec Mathias Fleury<\/p>\n","protected":false},"excerpt":{"rendered":"Cinq mineurs ont \u00e9t\u00e9 interpell\u00e9s apr\u00e8s des vols violents r\u00e9alis\u00e9s \u00e0 Rouen entre ce lundi 28 et ce&hellip;\n","protected":false},"author":2,"featured_media":283229,"comment_status":"","ping_status":"","sticky":false,"template":"","format":"standard","meta":{"footnotes":""},"categories":[9587],"tags":[1111,11,1777,674,1011,27,12,5161,25,9590],"class_list":{"0":"post-284132","1":"post","2":"type-post","3":"status-publish","4":"format-standard","5":"has-post-thumbnail","7":"category-rouen","8":"tag-actu","9":"tag-actualites","10":"tag-eu","11":"tag-europe","12":"tag-fr","13":"tag-france","14":"tag-news","15":"tag-normandie","16":"tag-republique-francaise","17":"tag-rouen"},"share_on_mastodon":{"url":"https:\/\/pubeurope.com\/@fr\/114941838288406034","error":""},"_links":{"self":[{"href":"https:\/\/www.europesays.com\/fr\/wp-json\/wp\/v2\/posts\/284132","targetHints":{"allow":["GET"]}}],"collection":[{"href":"https:\/\/www.europesays.com\/fr\/wp-json\/wp\/v2\/posts"}],"about":[{"href":"https:\/\/www.europesays.com\/fr\/wp-json\/wp\/v2\/types\/post"}],"author":[{"embeddable":true,"href":"https:\/\/www.europesays.com\/fr\/wp-json\/wp\/v2\/users\/2"}],"replies":[{"embeddable":true,"href":"https:\/\/www.europesays.com\/fr\/wp-json\/wp\/v2\/comments?post=284132"}],"version-history":[{"count":0,"href":"https:\/\/www.europesays.com\/fr\/wp-json\/wp\/v2\/posts\/284132\/revisions"}],"wp:featuredmedia":[{"embeddable":true,"href":"https:\/\/www.europesays.com\/fr\/wp-json\/wp\/v2\/media\/283229"}],"wp:attachment":[{"href":"https:\/\/www.europesays.com\/fr\/wp-json\/wp\/v2\/media?parent=284132"}],"wp:term":[{"taxonomy":"category","embeddable":true,"href":"https:\/\/www.europesays.com\/fr\/wp-json\/wp\/v2\/categories?post=284132"},{"taxonomy":"post_tag","embeddable":true,"href":"https:\/\/www.europesays.com\/fr\/wp-json\/wp\/v2\/tags?post=284132"}],"curies":[{"name":"wp","href":"https:\/\/api.w.org\/{rel}","templated":true}]}}