{"id":284135,"date":"2025-07-30T11:01:17","date_gmt":"2025-07-30T11:01:17","guid":{"rendered":"https:\/\/www.europesays.com\/fr\/284135\/"},"modified":"2025-07-30T11:01:17","modified_gmt":"2025-07-30T11:01:17","slug":"grenoble-cette-chaine-de-bijouterie-dans-la-tourmente-plusieurs-magasins-menaces-en-isere","status":"publish","type":"post","link":"https:\/\/www.europesays.com\/fr\/284135\/","title":{"rendered":"Grenoble. Cette cha\u00eene de bijouterie dans la tourmente, plusieurs magasins menac\u00e9s en Is\u00e8re"},"content":{"rendered":"<p>            Par<br \/>\n        <strong><br \/>\n            <a href=\"https:\/\/actu.fr\/auteur\/redaction-grenoble\" title=\"Consulter tous les articles de R\u00e9daction Grenoble\" rel=\"nofollow noopener\" target=\"_blank\">R\u00e9daction Grenoble<\/a><br \/>\n        <\/strong><\/p>\n<p>        Publi\u00e9 le<\/p>\n<p>            30 juil. 2025 \u00e0 11h50        <\/p>\n<p><img decoding=\"async\" loading=\"lazy\" src=\"https:\/\/www.europesays.com\/fr\/wp-content\/uploads\/2025\/07\/claires-grenoble-960x640.jpeg\" alt=\"Plusieurs magasins Claire's sont dans l'incertitude en Is\u00e8re, apr\u00e8s que l'enseigne a \u00e9t\u00e9 plac\u00e9e en redressement judiciaire.\" width=\"960\" height=\"640\"\/>Plusieurs magasins Claire\u2019s sont dans l\u2019incertitude en Is\u00e8re, apr\u00e8s que l\u2019enseigne a \u00e9t\u00e9 plac\u00e9e en redressement judiciaire. (\u00a9Lisa Rodrigues \/ actu Grenoble)<\/p>\n<p class=\" wall-content\">L\u2019annonce est tomb\u00e9e en d\u00e9but de semaine. Lundi 28 juillet, la filiale fran\u00e7aise de Claire\u2019s, enseigne d\u2019accessoires et bijoux \u00e0 petits prix, a \u00e9t\u00e9 plac\u00e9e <a href=\"https:\/\/actu.fr\/economie\/claire-s-l-enseigne-de-bijoux-est-placee-en-redressement-judiciaire_62967433.html\" rel=\"nofollow noopener\" target=\"_blank\">en redressement judiciaire<\/a>, a annonc\u00e9 \u00e0 l\u2019AFP l\u2019avocat des repr\u00e9sentants du personnel.<br \/>En <a href=\"https:\/\/actu.fr\/auvergne-rhone-alpes\/isere_38\" rel=\"nofollow noopener\" target=\"_blank\">Is\u00e8re<\/a>, <strong>trois magasins<\/strong> sont ainsi dans l\u2019incertitude quant \u00e0 leur avenir.<\/p>\n<p>Deux magasins \u00e0 Grenoble<\/p>\n<p class=\" wall-content\">Deux boutiques sont notamment situ\u00e9es \u00e0 <a href=\"https:\/\/actu.fr\/auvergne-rhone-alpes\/grenoble_38185\" rel=\"nofollow noopener\" target=\"_blank\">Grenoble<\/a> : l\u2019une en centre-ville, \u00e0 Grande Rue, l\u2019autre au centre commercial Grand\u2019Place.<\/p>\n<p>    <a href=\"https:\/\/www.google.com\/maps\/embed?pb=!1m18!1m12!1m3!1d2811.773306744632!2d5.7256952761357125!3d45.19168497107073!2m3!1f0!2f0!3f0!3m2!1i1024!2i768!4f13.1!3m3!1m2!1s0x478af48a25e395a3%3A0xe0b29b9b9e8f84d!2sClaire%27s%20Grenoble%20Centre%20Ville!5e0!3m2!1sfr!2sfr!4v1753868024604!5m2!1sfr!2sfr\" title=\"Ouvrie le lien\" rel=\"nofollow noopener\" target=\"_blank\">Cliquez ici pour visualiser le contenu<\/a><\/p>\n<p class=\" wall-content\">La troisi\u00e8me adresse est \u00e0 <a href=\"https:\/\/actu.fr\/auvergne-rhone-alpes\/salaise-sur-sanne_38468\" rel=\"nofollow noopener\" target=\"_blank\">Salaise-sur-Sanne<\/a>, au Green7, au sud de Vienne le long de la RN7.\u00a0<\/p>\n<p>Plus de 250 adresses en France<\/p>\n<p class=\" wall-content\">Tr\u00e8s populaire aupr\u00e8s des adolescentes, la marque est d\u00e9sormais sous le coup d\u2019une <strong>p\u00e9riode d\u2019observation de six mois<\/strong>, \u00e0 l\u2019issue de laquelle sera d\u00e9cid\u00e9 si un plan de continuation avec un \u00e9ventuel repreneur peut \u00eatre envisag\u00e9, ou s\u2019il faudra prononcer la liquidation judiciaire.<\/p>\n<p class=\" wall-content\">Claire\u2019s comptait d\u00e9but 2024 autour de 250 magasins et <strong>800 employ\u00e9s<\/strong>, selon les derniers comptes publi\u00e9s.<\/p>\n<p>Avec AFP<\/p>\n<p class=\" wall-content\">Suivez toute l\u2019actualit\u00e9 de vos villes et m\u00e9dias favoris en vous inscrivant \u00e0 <a href=\"https:\/\/moncompte.actu.fr\" title=\"D\u00e9couvez Mon Actu\" rel=\"nofollow noopener\" data-trk=\"{&quot;cta&quot;:{&quot;action&quot;:&quot;https:\\\/\\\/moncompte.actu.fr&quot;,&quot;category&quot;:&quot;mon compte&quot;,&quot;from&quot;:&quot;article footer&quot;,&quot;name&quot;:&quot;Mon actu&quot;,&quot;type&quot;:&quot;cta&quot;}}\" target=\"_blank\">Mon Actu<\/a>.<\/p>\n","protected":false},"excerpt":{"rendered":"Par R\u00e9daction Grenoble Publi\u00e9 le 30 juil. 2025 \u00e0 11h50 Plusieurs magasins Claire\u2019s sont dans l\u2019incertitude en Is\u00e8re,&hellip;\n","protected":false},"author":2,"featured_media":284136,"comment_status":"","ping_status":"","sticky":false,"template":"","format":"standard","meta":{"footnotes":""},"categories":[9566],"tags":[1111,11,2430,215,33,1777,674,1011,27,2731,303,12,25],"class_list":{"0":"post-284135","1":"post","2":"type-post","3":"status-publish","4":"format-standard","5":"has-post-thumbnail","7":"category-grenoble","8":"tag-actu","9":"tag-actualites","10":"tag-auvergne-rhone-alpes","11":"tag-commerce","12":"tag-economie","13":"tag-eu","14":"tag-europe","15":"tag-fr","16":"tag-france","17":"tag-grenoble","18":"tag-justice","19":"tag-news","20":"tag-republique-francaise"},"share_on_mastodon":{"url":"https:\/\/pubeurope.com\/@fr\/114941846690271345","error":""},"_links":{"self":[{"href":"https:\/\/www.europesays.com\/fr\/wp-json\/wp\/v2\/posts\/284135","targetHints":{"allow":["GET"]}}],"collection":[{"href":"https:\/\/www.europesays.com\/fr\/wp-json\/wp\/v2\/posts"}],"about":[{"href":"https:\/\/www.europesays.com\/fr\/wp-json\/wp\/v2\/types\/post"}],"author":[{"embeddable":true,"href":"https:\/\/www.europesays.com\/fr\/wp-json\/wp\/v2\/users\/2"}],"replies":[{"embeddable":true,"href":"https:\/\/www.europesays.com\/fr\/wp-json\/wp\/v2\/comments?post=284135"}],"version-history":[{"count":0,"href":"https:\/\/www.europesays.com\/fr\/wp-json\/wp\/v2\/posts\/284135\/revisions"}],"wp:featuredmedia":[{"embeddable":true,"href":"https:\/\/www.europesays.com\/fr\/wp-json\/wp\/v2\/media\/284136"}],"wp:attachment":[{"href":"https:\/\/www.europesays.com\/fr\/wp-json\/wp\/v2\/media?parent=284135"}],"wp:term":[{"taxonomy":"category","embeddable":true,"href":"https:\/\/www.europesays.com\/fr\/wp-json\/wp\/v2\/categories?post=284135"},{"taxonomy":"post_tag","embeddable":true,"href":"https:\/\/www.europesays.com\/fr\/wp-json\/wp\/v2\/tags?post=284135"}],"curies":[{"name":"wp","href":"https:\/\/api.w.org\/{rel}","templated":true}]}}