{"id":284143,"date":"2025-07-30T11:05:13","date_gmt":"2025-07-30T11:05:13","guid":{"rendered":"https:\/\/www.europesays.com\/fr\/284143\/"},"modified":"2025-07-30T11:05:13","modified_gmt":"2025-07-30T11:05:13","slug":"toute-lactu-top-music-des-cours-decole-vegetalisees-ouvertes-tout-lete-a-strasbourg","status":"publish","type":"post","link":"https:\/\/www.europesays.com\/fr\/284143\/","title":{"rendered":"Toute l&rsquo;actu Top Music &#8211; Des cours d\u2019\u00e9cole v\u00e9g\u00e9talis\u00e9es ouvertes tout l\u2019\u00e9t\u00e9 \u00e0 Strasbourg"},"content":{"rendered":"<p><img decoding=\"async\" class=\"\" style=\"width:100%\" src=\"https:\/\/www.europesays.com\/fr\/wp-content\/uploads\/2025\/07\/IMG_18991753870219677.webp.webp\" alt=\"Albert Le Grand, l\u2019une des six \u00e9coles ouvertes jusqu'au 24 ao\u00fbt\"\/><\/p>\n<p>Albert Le Grand, l\u2019une des six \u00e9coles ouvertes jusqu&rsquo;au 24 ao\u00fbt<\/p>\n<p>Cr\u00e9dit : Topmusic-LF<\/p>\n<p><strong>Paul Langevin, Schoepflin<\/strong>, ou encore <strong>Albert Le Grand :<\/strong> ces \u00e9coles \u00e9l\u00e9mentaires r\u00e9parties sur diff\u00e9rents quartiers de la ville de Strasbourg font partie des six \u00e9coles ouvertes jusqu\u2019au 24 ao\u00fbt. L\u2019objectif est de permettre \u00e0 celles et ceux qui ne partent pas en vacances de profiter de lieux <strong>frais<\/strong>, <strong>accessibles<\/strong> et <strong>s\u00e9curis\u00e9s<\/strong>. Ce dispositif, <strong>mis en place il y a trois ans<\/strong>, vise aussi \u00e0 <strong>cr\u00e9er du lien<\/strong> entre les habitants et leur environnement. Enfin, <a href=\"https:\/\/www.topmusic.fr\/une-cour-vegetalisee-pour-le-lycee-marcel-rudloff-de-strasbourg\" rel=\"noopener nofollow\" target=\"_blank\">les cours v\u00e9g\u00e9talis\u00e9es<\/a> permettent de r\u00e9pondre \u00e0 d\u2019autres objectifs : \u00ab D\u00e9min\u00e9raliser la ville \u00e0 travers les cours d\u2019\u00e9cole, r\u00e9pondre aux enjeux climatiques avec les \u00eelots de fraicheur, et \u00e9galement travailler de nouvelles pratiques p\u00e9dagogiques, notamment l\u2019\u00e9cole du dehors \u00bb, pr\u00e9cise <strong>H\u00fclliya Turan<\/strong>, adjointe \u00e0 la maire de Strasbourg en charge de l\u2019enfance et de l\u2019\u00e9ducation.<\/p>\n<p><strong>Des espaces pens\u00e9s<\/strong><\/p>\n<p>Au-del\u00e0 de la fra\u00eecheur, les cours v\u00e9g\u00e9talis\u00e9es sont pens\u00e9es comme des <strong>lieux de vie<\/strong>. <strong>Transats<\/strong>, <strong>jeux en bois<\/strong>, <strong>craies<\/strong>, tout est mis \u00e0 disposition pour permettre aux familles de profiter pleinement de l\u2019espace. Des <strong>ateliers sportifs et cr\u00e9atifs<\/strong> sont \u00e9galement propos\u00e9s par des associations locales ou des clubs. Parmi elles, le <strong>Racing Club de Strasbourg Basketball<\/strong> anime r\u00e9guli\u00e8rement des initiations au basket et au sport collectif dans le but de \u00ab d\u00e9couvrir \u00bb et d\u2019apprendre. \u00ab On en a eu quelques-uns qui sont ensuite venus faire une licence, donc c\u2019est pour nous une vraie r\u00e9ussite \u00bb, souligne <strong>Youssef Katiri<\/strong>, pr\u00e9sident du Racing Club de Strasbourg Basketball.<\/p>\n<p><strong>Un souffle pour les familles<\/strong><\/p>\n<p>Pour les familles, ces espaces sont aussi l\u2019occasion de <strong>souffler un peu<\/strong>. Les Strasbourgeois qui ne partent pas en vacances, y trouvent un lieu accessible pour occuper les enfants. \u00ab \u00c7a nous permet entre maman de se retrouver et de papoter pendant que les enfants s&rsquo;\u00e9clatent aux activit\u00e9s \u00bb, confie <strong>Seloua<\/strong>, m\u00e8re de deux enfants, qui vient tous les jours \u00e0 la cour de l\u2019\u00e9cole \u00e9l\u00e9mentaire <strong>Albert Le Grand<\/strong>. Ainsi, la Ville de Strasbourg investit chaque ann\u00e9e pr\u00e8s de 5 millions d\u2019euros pour transformer les cours de 15 \u00e0 18 \u00e9tablissements. Selon la <a href=\"https:\/\/www.topmusic.fr\/un-projet-culturel-denomme-oasis-a-strasbourg\" rel=\"noopener nofollow\" target=\"_blank\">Ville de Strasbourg<\/a>,\u00a0 d\u2019ici 2026, \u00ab 70 % des \u00e9coles strasbourgeoises seront ainsi engag\u00e9es dans ce projet \u00bb.<\/p>\n","protected":false},"excerpt":{"rendered":"Albert Le Grand, l\u2019une des six \u00e9coles ouvertes jusqu&rsquo;au 24 ao\u00fbt Cr\u00e9dit : Topmusic-LF Paul Langevin, Schoepflin, ou&hellip;\n","protected":false},"author":2,"featured_media":284144,"comment_status":"","ping_status":"","sticky":false,"template":"","format":"standard","meta":{"footnotes":""},"categories":[2820],"tags":[12408,1111,11,2389,2649,1464,13208,1129,42329,251,1122,436,42330,2883,1777,674,1011,27,775,12,1095,25,517,640,4824],"class_list":{"0":"post-284143","1":"post","2":"type-post","3":"status-publish","4":"format-standard","5":"has-post-thumbnail","7":"category-strasbourg","8":"tag-activite","9":"tag-actu","10":"tag-actualites","11":"tag-alsace","12":"tag-bas-rhin","13":"tag-basketball","14":"tag-chaleur","15":"tag-climat","16":"tag-cours-vegetalise","17":"tag-culture","18":"tag-ecole","19":"tag-environnement","20":"tag-etablissement-scolaire","21":"tag-ete","22":"tag-eu","23":"tag-europe","24":"tag-fr","25":"tag-france","26":"tag-grand-est","27":"tag-news","28":"tag-projet","29":"tag-republique-francaise","30":"tag-sport","31":"tag-strasbourg","32":"tag-ville"},"share_on_mastodon":{"url":"https:\/\/pubeurope.com\/@fr\/114941862044178288","error":""},"_links":{"self":[{"href":"https:\/\/www.europesays.com\/fr\/wp-json\/wp\/v2\/posts\/284143","targetHints":{"allow":["GET"]}}],"collection":[{"href":"https:\/\/www.europesays.com\/fr\/wp-json\/wp\/v2\/posts"}],"about":[{"href":"https:\/\/www.europesays.com\/fr\/wp-json\/wp\/v2\/types\/post"}],"author":[{"embeddable":true,"href":"https:\/\/www.europesays.com\/fr\/wp-json\/wp\/v2\/users\/2"}],"replies":[{"embeddable":true,"href":"https:\/\/www.europesays.com\/fr\/wp-json\/wp\/v2\/comments?post=284143"}],"version-history":[{"count":0,"href":"https:\/\/www.europesays.com\/fr\/wp-json\/wp\/v2\/posts\/284143\/revisions"}],"wp:featuredmedia":[{"embeddable":true,"href":"https:\/\/www.europesays.com\/fr\/wp-json\/wp\/v2\/media\/284144"}],"wp:attachment":[{"href":"https:\/\/www.europesays.com\/fr\/wp-json\/wp\/v2\/media?parent=284143"}],"wp:term":[{"taxonomy":"category","embeddable":true,"href":"https:\/\/www.europesays.com\/fr\/wp-json\/wp\/v2\/categories?post=284143"},{"taxonomy":"post_tag","embeddable":true,"href":"https:\/\/www.europesays.com\/fr\/wp-json\/wp\/v2\/tags?post=284143"}],"curies":[{"name":"wp","href":"https:\/\/api.w.org\/{rel}","templated":true}]}}