{"id":28415,"date":"2025-04-16T04:35:09","date_gmt":"2025-04-16T04:35:09","guid":{"rendered":"https:\/\/www.europesays.com\/fr\/28415\/"},"modified":"2025-04-16T04:35:09","modified_gmt":"2025-04-16T04:35:09","slug":"nancy-djeso-graffeur-de-legende-replonge-dans-le-tunnel","status":"publish","type":"post","link":"https:\/\/www.europesays.com\/fr\/28415\/","title":{"rendered":"Nancy. Djeso, graffeur \u00ab\u00a0de l\u00e9gende\u00a0\u00bb, replonge dans le tunnel\u00a0!"},"content":{"rendered":"<p>\u00ab\u00a0Une l\u00e9gende vivante du graffiti\u00a0!\u00a0\u00bb Le compliment lui est envoy\u00e9 sur un petit air moqueur, mais le fait n\u2019en est pas moins av\u00e9r\u00e9. Djeso fait partie de ceux qui ont pos\u00e9 des jalons dans le monde du graffiti nanc\u00e9ien. \u00c0 une \u00e9poque, en l\u2019occurrence d\u00e8s 1993, o\u00f9 il fallait savoir courir vite quand on pr\u00e9tendait bomber un mur dans les environs.<\/p>\n<p>Et si, comme tout le monde, il a pratiqu\u00e9 un peu en vandale, ce qui l\u2019a surtout int\u00e9ress\u00e9, \u00ab\u00a0\u00e7a a toujours \u00e9t\u00e9 plut\u00f4t de faire avancer la peinture\u00a0\u00bb.<\/p>\n<p>Pendant une vingtaine d\u2019ann\u00e9es, adepte du travail sur la lettre, \u00ab\u00a0le plus soign\u00e9 possible\u00a0\u00bb,&#8230;<\/p>\n","protected":false},"excerpt":{"rendered":"\u00ab\u00a0Une l\u00e9gende vivante du graffiti\u00a0!\u00a0\u00bb Le compliment lui est envoy\u00e9 sur un petit air moqueur, mais le fait&hellip;\n","protected":false},"author":2,"featured_media":28416,"comment_status":"","ping_status":"","sticky":false,"template":"","format":"standard","meta":{"footnotes":""},"categories":[9635],"tags":[1111,11,1687,1704,1777,674,2271,1011,27,775,1702,1703,12,25],"class_list":{"0":"post-28415","1":"post","2":"type-post","3":"status-publish","4":"format-standard","5":"has-post-thumbnail","7":"category-nancy","8":"tag-actu","9":"tag-actualites","10":"tag-culture-loisirs","11":"tag-edition-nancy-et-agglomeration","12":"tag-eu","13":"tag-europe","14":"tag-exposition-arts-plastiques","15":"tag-fr","16":"tag-france","17":"tag-grand-est","18":"tag-nancy","19":"tag-nancy-ville-54b","20":"tag-news","21":"tag-republique-francaise"},"share_on_mastodon":{"url":"https:\/\/pubeurope.com\/@fr\/114345785626709466","error":""},"_links":{"self":[{"href":"https:\/\/www.europesays.com\/fr\/wp-json\/wp\/v2\/posts\/28415","targetHints":{"allow":["GET"]}}],"collection":[{"href":"https:\/\/www.europesays.com\/fr\/wp-json\/wp\/v2\/posts"}],"about":[{"href":"https:\/\/www.europesays.com\/fr\/wp-json\/wp\/v2\/types\/post"}],"author":[{"embeddable":true,"href":"https:\/\/www.europesays.com\/fr\/wp-json\/wp\/v2\/users\/2"}],"replies":[{"embeddable":true,"href":"https:\/\/www.europesays.com\/fr\/wp-json\/wp\/v2\/comments?post=28415"}],"version-history":[{"count":0,"href":"https:\/\/www.europesays.com\/fr\/wp-json\/wp\/v2\/posts\/28415\/revisions"}],"wp:featuredmedia":[{"embeddable":true,"href":"https:\/\/www.europesays.com\/fr\/wp-json\/wp\/v2\/media\/28416"}],"wp:attachment":[{"href":"https:\/\/www.europesays.com\/fr\/wp-json\/wp\/v2\/media?parent=28415"}],"wp:term":[{"taxonomy":"category","embeddable":true,"href":"https:\/\/www.europesays.com\/fr\/wp-json\/wp\/v2\/categories?post=28415"},{"taxonomy":"post_tag","embeddable":true,"href":"https:\/\/www.europesays.com\/fr\/wp-json\/wp\/v2\/tags?post=28415"}],"curies":[{"name":"wp","href":"https:\/\/api.w.org\/{rel}","templated":true}]}}