{"id":284157,"date":"2025-07-30T11:12:13","date_gmt":"2025-07-30T11:12:13","guid":{"rendered":"https:\/\/www.europesays.com\/fr\/284157\/"},"modified":"2025-07-30T11:12:13","modified_gmt":"2025-07-30T11:12:13","slug":"le-stade-matmut-atlantique-repris-en-regie-par-la-metropole","status":"publish","type":"post","link":"https:\/\/www.europesays.com\/fr\/284157\/","title":{"rendered":"le Stade Matmut Atlantique repris en r\u00e9gie par la m\u00e9tropole"},"content":{"rendered":"<p>En d\u00e9ficit chronique, le stade a perdu son contrat de naming avec la descente aux enfers des Girondins de Bordeaux, tandis que la soci\u00e9t\u00e9 qui l\u2019exploitait a d\u00e9pos\u00e9 le bilan. Le site est repris en r\u00e9gie par la m\u00e9tropole \u00e0 partir du 1er ao\u00fbt.<\/p>\n<p class=\"fig-paragraph\">La couleur \u00e9tait annonc\u00e9e depuis janvier. En d\u00e9ficit chronique en raison d\u2019un\u00a0<a href=\"http:\/\/www.lefigaro.fr\/bordeaux\/bordeaux-depot-de-bilan-en-vue-pour-l-exploitant-du-stade-matmut-atlantique-20250116\" data-fig-type=\"NewsFlash\" data-gtm-custom-categorie=\"navigation\" data-gtm-custom-action=\"crossclick\" data-gtm-custom-label=\"Contextuel\" data-gtm-event=\"customEventSPE\" data-fig-domain=\"LEFIGARO\" target=\"_blank\" rel=\"noopener\">montage financier structurel bancal<\/a>, la Soci\u00e9t\u00e9 Bordeaux Atlantique (SBA) qui exploitait le stade \u00e9ponyme \u00e0 Bordeaux a d\u00e9pos\u00e9 le bilan quelques mois apr\u00e8s\u00a0<a href=\"http:\/\/www.lefigaro.fr\/sports\/football\/foot-le-proprietaire-des-girondins-gerard-lopez-souhaite-acheter-le-matmut-atlantique-20250305\" data-fig-type=\"NewsFlash\" data-gtm-custom-categorie=\"navigation\" data-gtm-custom-action=\"crossclick\" data-gtm-custom-label=\"Contextuel\" data-gtm-event=\"customEventSPE\" data-fig-domain=\"LEFIGARO\" target=\"_blank\" rel=\"noopener\">la chute du Football club des Girondins de Bordeaux<\/a>\u00a0(FCGB). Construite \u00e0 grands frais pour l\u2019Euro 2016 de football, l\u2019enceinte (dont les \u00e9ch\u00e9ances de 310 millions d\u2019euros sur 30 ans ne sont toujours pas rembours\u00e9es) doit \u00eatre reprise en r\u00e9gie publique par Bordeaux-M\u00e9tropole d\u00e8s le 1er ao\u00fbt. \u00abCe mode de gestion 100% m\u00e9tropolitain doit permettre de garantir la continuit\u00e9 de service, de stabiliser l\u2019exploitation de l\u2019\u00e9quipement dans un cadre soutenable, et d\u2019ouvrir de nouvelles perspectives de d\u00e9veloppement\u00bb, indique la collectivit\u00e9 locale.<\/p>\n<p class=\"fig-paragraph\">Autrement dit, les lieux devront r\u00e9duire la voilure.\u00a0<a href=\"http:\/\/www.lefigaro.fr\/bordeaux\/bordeaux-depot-de-bilan-en-vue-pour-l-exploitant-du-stade-matmut-atlantique-20250116\" data-fig-type=\"NewsFlash\" data-gtm-custom-categorie=\"navigation\" data-gtm-custom-action=\"crossclick\" data-gtm-custom-label=\"Contextuel\" data-gtm-event=\"customEventSPE\" data-fig-domain=\"LEFIGARO\" target=\"_blank\" rel=\"noopener\">Dans nos colonnes<\/a>, en janvier dernier, la pr\u00e9sidente de la m\u00e9tropole Christine Bost d\u00e9clarait\u00a0: \u00abSi nous passions en r\u00e9gie demain, on refuserait que cela co\u00fbte plus cher et on limitera les charges \u00e0 deux millions d\u2019euros en louant les salles. On n\u2019organisera pas de concerts et donc la charge d\u2019exploitation sera forc\u00e9ment moins co\u00fbteuse que ce que nous payons dans le cadre d\u2019une redevance qui correspond aux charges d\u2019un club en Ligue 1.\u00bb<\/p>\n<p>                                    <a class=\"fig-a11y-skip a11y-hidden\" href=\"#fig-a11y-skip-main-inarticle\"><br \/>\n        Passer la publicit\u00e9<br \/>\n    <\/a><\/p>\n<p>Pr\u00e9servation des \u00e9quipes en poste<\/p>\n<p class=\"fig-paragraph\">Dans son communiqu\u00e9, la m\u00e9tropole bordelaise assure que \u00ables \u00e9quipes exp\u00e9riment\u00e9es d\u00e9j\u00e0 en poste\u00bb seront int\u00e9gr\u00e9es \u00e0 cette r\u00e9gie afin que l\u2019avenir du stade puisse \u00abs\u2019appuyer sur leur savoir-faire.\u00bb La programmation de la saison 2025-2026 lanc\u00e9e au pr\u00e9alable est par ailleurs maintenue. Le stade Atlantique doit accueillir un match de rugby international France-\u00celes Fidji le 15 novembre, l\u2019affiche France-Angleterre du Tournoi des 6 Nations f\u00e9minin en mai ou encore deux matchs de l\u2019Union Bordeaux B\u00e8gles l\u2019an prochain.<\/p>\n","protected":false},"excerpt":{"rendered":"En d\u00e9ficit chronique, le stade a perdu son contrat de naming avec la descente aux enfers des Girondins&hellip;\n","protected":false},"author":2,"featured_media":284158,"comment_status":"","ping_status":"","sticky":false,"template":"","format":"standard","meta":{"footnotes":""},"categories":[2817],"tags":[1111,11,1997,1777,674,1011,27,7372,12,2219,25,517],"class_list":{"0":"post-284157","1":"post","2":"type-post","3":"status-publish","4":"format-standard","5":"has-post-thumbnail","7":"category-bordeaux","8":"tag-actu","9":"tag-actualites","10":"tag-bordeaux","11":"tag-eu","12":"tag-europe","13":"tag-fr","14":"tag-france","15":"tag-mairie-de-bordeaux","16":"tag-news","17":"tag-nouvelle-aquitaine","18":"tag-republique-francaise","19":"tag-sport"},"share_on_mastodon":{"url":"https:\/\/pubeurope.com\/@fr\/114941889415553311","error":""},"_links":{"self":[{"href":"https:\/\/www.europesays.com\/fr\/wp-json\/wp\/v2\/posts\/284157","targetHints":{"allow":["GET"]}}],"collection":[{"href":"https:\/\/www.europesays.com\/fr\/wp-json\/wp\/v2\/posts"}],"about":[{"href":"https:\/\/www.europesays.com\/fr\/wp-json\/wp\/v2\/types\/post"}],"author":[{"embeddable":true,"href":"https:\/\/www.europesays.com\/fr\/wp-json\/wp\/v2\/users\/2"}],"replies":[{"embeddable":true,"href":"https:\/\/www.europesays.com\/fr\/wp-json\/wp\/v2\/comments?post=284157"}],"version-history":[{"count":0,"href":"https:\/\/www.europesays.com\/fr\/wp-json\/wp\/v2\/posts\/284157\/revisions"}],"wp:featuredmedia":[{"embeddable":true,"href":"https:\/\/www.europesays.com\/fr\/wp-json\/wp\/v2\/media\/284158"}],"wp:attachment":[{"href":"https:\/\/www.europesays.com\/fr\/wp-json\/wp\/v2\/media?parent=284157"}],"wp:term":[{"taxonomy":"category","embeddable":true,"href":"https:\/\/www.europesays.com\/fr\/wp-json\/wp\/v2\/categories?post=284157"},{"taxonomy":"post_tag","embeddable":true,"href":"https:\/\/www.europesays.com\/fr\/wp-json\/wp\/v2\/tags?post=284157"}],"curies":[{"name":"wp","href":"https:\/\/api.w.org\/{rel}","templated":true}]}}