{"id":284159,"date":"2025-07-30T11:13:11","date_gmt":"2025-07-30T11:13:11","guid":{"rendered":"https:\/\/www.europesays.com\/fr\/284159\/"},"modified":"2025-07-30T11:13:11","modified_gmt":"2025-07-30T11:13:11","slug":"elle-oublie-son-sac-sur-lautoroute-avec-400-e-dedans-des-inconnus-se-demenent-pour-le-rapporter-a-toulouse","status":"publish","type":"post","link":"https:\/\/www.europesays.com\/fr\/284159\/","title":{"rendered":"Elle oublie son sac sur l&rsquo;autoroute avec 400 \u20ac dedans, des inconnus se d\u00e9m\u00e8nent pour le rapporter \u00e0 Toulouse"},"content":{"rendered":"<p>            Par<br \/>\n        <strong><br \/>\n            <a href=\"https:\/\/actu.fr\/auteur\/guillaume-laurens\" title=\"Consulter tous les articles de Guillaume Laurens\" target=\"_blank\" rel=\"noopener\">Guillaume Laurens<\/a><br \/>\n        <\/strong><\/p>\n<p>        Publi\u00e9 le<\/p>\n<p>            30 juil. 2025 \u00e0 12h49<br \/>\n        ; mis \u00e0 jour le 30 juil. 2025 \u00e0 12h54    <\/p>\n<p>C\u2019est un peu<strong> le miracle de l\u2019\u00e9t\u00e9<\/strong> et le d\u00e9nouement se passe \u00e0 <strong><a href=\"https:\/\/actu.fr\/toulouse\/\" target=\"_blank\" rel=\"noopener\">Toulouse<\/a><\/strong>. Dans le <a href=\"https:\/\/www.ouest-france.fr\/societe\/elle-perd-son-sac-a-main-sur-lautoroute-une-chaine-de-solidarite-se-met-en-route-pour-la-retrouver-18d4f37a-63bd-11f0-a6af-fdbae6127de0\" target=\"_blank\" rel=\"noopener\">courrier des lecteurs du journal\u00a0Ouest-France,<\/a> <strong>Estelle H.,<\/strong> qui vit en Loire-Atlantique, raconte l\u2019incroyable \u00ab\u00a0cha\u00eene solidarit\u00e9\u00a0\u00bb qu\u2019elle a v\u00e9cu en Occitanie avec son mari sur \u00ab\u00a0l\u2019autoroute de nos vacances, l\u2019A61\u00a0\u00bb (en r\u00e9alit\u00e9, cela se passe sur l\u2019A62, mais l\u2019octog\u00e9naire est toute pardonn\u00e9e, NDLR). R\u00e9cit.<\/p>\n<p>700 km de route\u2026 et un oubli sur l\u2019aire de repos<\/p>\n<p class=\" wall-content\">Partis au petit matin, ce 7 juin 2025, ces \u00e9poux \u00e2g\u00e9s de <strong>82 et 83 ans<\/strong> ont travers\u00e9 la France pour rejoindre \u00ab\u00a0un mobile-home dans un superbe camping\u00a0\u00bb du Tarn, avec quelque <strong>700 km<\/strong> de trajet. \u00ab\u00a0Nous prenons notre temps (\u2026) tout va bien\u00a0\u00bb, d\u00e9peint l\u2019octog\u00e9naire. Apr\u00e8s plusieurs pauses pour se d\u00e9salt\u00e9rer ou pique-niquer, le couple fait un \u00e9ni\u00e8me \u00ab\u00a0arr\u00eat technique\u00a0\u00bb dans une aire de repos sur l\u2019A62, pr\u00e8s d\u2019Agen (Lot-et-Garonne).<\/p>\n<p class=\" wall-content\">Une heure plus tard, le couple arrive dans <strong>l\u2019agglo de Toulouse<\/strong>. Environ <strong>80 km<\/strong> plus loin. Probablement parce qu\u2019il faut y voir clair quand on d\u00e9barque dans une grande ville inconnue, l\u2019octog\u00e9naire veut changer de lunettes, <strong>cherche son sac,<\/strong> et finit par se rendre compte qu\u2019elle ne l\u2019a pas. Le couple retourne la voiture quand la mamie se rappelle l\u2019avoir \u00ab\u00a0accroch\u00e9 \u00e0 la pat\u00e8re sur le mur des toilettes de la derni\u00e8re aire de repos\u00a0\u00bb.<\/p>\n<p>Vent de panique \u00e0 Toulouse<\/p>\n<p class=\" wall-content\">Aussi \u00ab\u00a0sid\u00e9r\u00e9s\u00a0\u00bb que \u00ab\u00a0liqu\u00e9fi\u00e9s\u00a0\u00bb, les retrait\u00e9s sont <strong>d\u00e9boussol\u00e9s<\/strong>, tentent de faire demi-tour sans se souvenir du nom de cette aire de repos, se perdent dans \u00ab\u00a0la banlieue de Toulouse\u00a0\u00bb, alors que la voiture approche dangereusement de la r\u00e9serve\u2026\u00a0<\/p>\n<p class=\" wall-content\">Car pour couronner le tout, ils n\u2019ont <strong>plus un sou<\/strong> : \u00ab\u00a0La carte bleue, le ch\u00e9quier et 400 euros en esp\u00e8ces sont dans ce fichu sac\u00a0\u00bb.<strong> \u00ab\u00a0Panique \u00e0 bord !\u00a0\u00bb<\/strong>, raconte-t-elle, quand soudain, la lumi\u00e8re fut.<\/p>\n<p>Vid\u00e9os : en ce moment sur Actu\u00ab\u00a0Retrouv\u00e9 dans les toilettes par quelqu\u2019un d\u2019honn\u00eate\u00a0\u00bb<\/p>\n<p class=\" wall-content\">Fort heureusement, la retrait\u00e9e avait gard\u00e9 son t\u00e9l\u00e9phone et d\u00e9couvre trois appels de sa fille, qui lui annonce que son sac a \u00e9t\u00e9 <strong>retrouv\u00e9 dans les toilettes<\/strong> de la fameuse aire <strong>\u00ab\u00a0par quelqu\u2019un d\u2019honn\u00eate\u00a0\u00bb.<\/strong> Ce bon samaritain se pr\u00e9nomme <strong>Rudy<\/strong> et a eu \u00ab\u00a0la pr\u00e9sence d\u2019esprit de chercher des papiers d\u2019identit\u00e9 dans mon sac\u00a0\u00bb, relate-t-elle. Rudy n\u2019a pas fait les choses \u00e0 moiti\u00e9 :<\/p>\n<blockquote class=\"ac-article-quote wall-content\">\n<p>\u00c0 partir de mon nom de jeune fille, il a rep\u00e9r\u00e9 dans mon r\u00e9pertoire t\u00e9l\u00e9phonique papier quelqu\u2019un du m\u00eame nom : mon fr\u00e8re Alain et un neveu, Gilles. Sauf que les deux ne connaissent pas notre destination. Mon fr\u00e8re a alors eu l\u2019id\u00e9e d\u2019appeler notre fille, Claire, qui savait que nous allions vers Toulouse.<\/p>\n<p>    <strong>Estelle H.<\/strong><br \/>\n        Dans le courrier des lecteurs de Ouest-France    <\/p><\/blockquote>\n<p>Une inconnue fait un d\u00e9tour de 30 km pour ramener le sac<\/p>\n<p class=\" wall-content\">L\u2019histoire ne s\u2019arr\u00eate pas l\u00e0 : comme Rudy se rendait \u00e0 <strong>Bordeaux<\/strong> (Gironde), \u00ab\u00a0il cherche avec sa femme quelqu\u2019un<strong> \u2018\u00e0 la mine sympa et fiable\u2019<\/strong> qui pourrait nous ramener le sac\u00a0\u00bb jusque dans la Ville rose, quand ils tombent sur une autre inconnue, d\u00e9nomm\u00e9e <strong>Myriam<\/strong>, qui va vers Toulouse.<\/p>\n<blockquote class=\"ac-article-quote wall-content\">\n<p>Ils lui confient le pr\u00e9cieux objet trouv\u00e9, et, sans h\u00e9siter, Myriam se d\u00e9tourne de 30 km pour nous rendre le sac sur le parking d\u2019Auchan, \u00e0 l\u2019entr\u00e9e de Toulouse.<\/p>\n<p>    <strong>Estelle H.<\/strong>\n            <\/p><\/blockquote>\n<p class=\" wall-content\">\u00ab\u00a0\u00c9poustoufl\u00e9s\u00a0\u00bb et \u00ab\u00a0profond\u00e9ment \u00e9mus\u00a0\u00bb par cette \u00ab\u00a0cha\u00eene de solidarit\u00e9, de bont\u00e9 gratuite et d\u2019humanit\u00e9\u00a0\u00bb, les retrait\u00e9s n\u2019ont plus de mots pour remercier leurs <strong>\u00ab\u00a0anges gardiens\u00a0\u00bb.<\/strong> Une chose est s\u00fbre : Estelle H. et son mari garderont un sacr\u00e9 souvenir de leur p\u00e9riple en Occitanie !<\/p>\n<p class=\" wall-content\">Suivez toute l\u2019actualit\u00e9 de vos villes et m\u00e9dias favoris en vous inscrivant \u00e0 <a href=\"https:\/\/moncompte.actu.fr\" title=\"D\u00e9couvez Mon Actu\" rel=\"nofollow noopener\" data-trk=\"{&quot;cta&quot;:{&quot;action&quot;:&quot;https:\\\/\\\/moncompte.actu.fr&quot;,&quot;category&quot;:&quot;mon compte&quot;,&quot;from&quot;:&quot;article footer&quot;,&quot;name&quot;:&quot;Mon actu&quot;,&quot;type&quot;:&quot;cta&quot;}}\" target=\"_blank\">Mon Actu<\/a>.<\/p>\n","protected":false},"excerpt":{"rendered":"Par Guillaume Laurens Publi\u00e9 le 30 juil. 2025 \u00e0 12h49 ; mis \u00e0 jour le 30 juil. 2025&hellip;\n","protected":false},"author":2,"featured_media":284160,"comment_status":"","ping_status":"","sticky":false,"template":"","format":"standard","meta":{"footnotes":""},"categories":[2816],"tags":[1111,11,6343,1777,674,1011,27,12,2680,25,104,2312],"class_list":{"0":"post-284159","1":"post","2":"type-post","3":"status-publish","4":"format-standard","5":"has-post-thumbnail","7":"category-toulouse","8":"tag-actu","9":"tag-actualites","10":"tag-autoroute-62-a62","11":"tag-eu","12":"tag-europe","13":"tag-fr","14":"tag-france","15":"tag-news","16":"tag-occitanie","17":"tag-republique-francaise","18":"tag-societe","19":"tag-toulouse"},"share_on_mastodon":{"url":"https:\/\/pubeurope.com\/@fr\/114941893398312326","error":""},"_links":{"self":[{"href":"https:\/\/www.europesays.com\/fr\/wp-json\/wp\/v2\/posts\/284159","targetHints":{"allow":["GET"]}}],"collection":[{"href":"https:\/\/www.europesays.com\/fr\/wp-json\/wp\/v2\/posts"}],"about":[{"href":"https:\/\/www.europesays.com\/fr\/wp-json\/wp\/v2\/types\/post"}],"author":[{"embeddable":true,"href":"https:\/\/www.europesays.com\/fr\/wp-json\/wp\/v2\/users\/2"}],"replies":[{"embeddable":true,"href":"https:\/\/www.europesays.com\/fr\/wp-json\/wp\/v2\/comments?post=284159"}],"version-history":[{"count":0,"href":"https:\/\/www.europesays.com\/fr\/wp-json\/wp\/v2\/posts\/284159\/revisions"}],"wp:featuredmedia":[{"embeddable":true,"href":"https:\/\/www.europesays.com\/fr\/wp-json\/wp\/v2\/media\/284160"}],"wp:attachment":[{"href":"https:\/\/www.europesays.com\/fr\/wp-json\/wp\/v2\/media?parent=284159"}],"wp:term":[{"taxonomy":"category","embeddable":true,"href":"https:\/\/www.europesays.com\/fr\/wp-json\/wp\/v2\/categories?post=284159"},{"taxonomy":"post_tag","embeddable":true,"href":"https:\/\/www.europesays.com\/fr\/wp-json\/wp\/v2\/tags?post=284159"}],"curies":[{"name":"wp","href":"https:\/\/api.w.org\/{rel}","templated":true}]}}