{"id":284162,"date":"2025-07-30T11:15:17","date_gmt":"2025-07-30T11:15:17","guid":{"rendered":"https:\/\/www.europesays.com\/fr\/284162\/"},"modified":"2025-07-30T11:15:17","modified_gmt":"2025-07-30T11:15:17","slug":"quand-olivier-giroud-choisit-la-chanson-aicha-pour-son-bizutage-a-lille-mais-oublie-les-paroles","status":"publish","type":"post","link":"https:\/\/www.europesays.com\/fr\/284162\/","title":{"rendered":"Quand Olivier Giroud choisit la chanson A\u00efcha pour son bizutage \u00e0 Lille\u2026 mais oublie les paroles"},"content":{"rendered":"<p>Peu importent les clubs o\u00f9 il est all\u00e9, Olivier Giroud aura toujours d\u00e9croch\u00e9 au moins un titre. Le premier fut d\u2019ailleurs avec Montpellier, champion de Ligue 1 en 2012. Pour son retour dans le championnat fran\u00e7ais avec Lille, le champion du monde est pass\u00e9 par la traditionnelle case bizutage, et a choisi un titre dont il semble avoir quelques lacunes au niveau des paroles.<\/p>\n<p>Giroud se rate, ses co\u00e9quipiers en fou rire<\/p>\n<p>Devant ses co\u00e9quipiers, <a href=\"https:\/\/rennes.maville.com\/sport\/detail_-mercato.-olivier-giroud-fait-son-retour-en-ligue-1-et-s-engage-une-saison-avec-lille-_54135-6880778_actu.Htm\" target=\"_self\" rel=\"noopener\">l\u2019attaquant arriv\u00e9 en provenance du Los Angeles FC<\/a>\u00a0a repris A\u00efcha de Khaled. Mais ses quelques trous de m\u00e9moires ont offert une sc\u00e8ne plus inattendue que le traditionnel chant auquel sont confront\u00e9es les recrues. Entre bafouillages et oublis, ce n\u2019est plus l\u2019homme de 38\u00a0ans que l\u2019on entendait, mais bien ses partenaires, hilares.<\/p>\n<p><strong>Lire aussi\u00a0:<\/strong>\u00a0<a href=\"https:\/\/lille.maville.com\/sport\/detail_-mercato-losc.-sur-les-tablettes-du-paris-fc-benjamin-andre-prolonge-finalement-a-lille-_53066-6914988_actu.Htm\" target=\"_self\" rel=\"noopener\">Mercato Losc. Sur les tablettes du Paris FC, Benjamin Andr\u00e9 prolonge finalement \u00e0 Lille<\/a><\/p>\n<p>Pas de quoi s\u2019inqui\u00e9ter pour les supporters lillois, Giroud est plus connu pour ses talents ballon au pied que micro \u00e0 la main.<\/p>\n<p>\u00a0<\/p>\n","protected":false},"excerpt":{"rendered":"Peu importent les clubs o\u00f9 il est all\u00e9, Olivier Giroud aura toujours d\u00e9croch\u00e9 au moins un titre. Le&hellip;\n","protected":false},"author":2,"featured_media":284163,"comment_status":"","ping_status":"","sticky":false,"template":"","format":"standard","meta":{"footnotes":""},"categories":[2815],"tags":[1111,11,3809,1465,1777,674,63,1011,27,1792,811,1922,1307,12,25,479,517,1470],"class_list":{"0":"post-284162","1":"post","2":"type-post","3":"status-publish","4":"format-standard","5":"has-post-thumbnail","7":"category-lille","8":"tag-actu","9":"tag-actualites","10":"tag-ball","11":"tag-basket","12":"tag-eu","13":"tag-europe","14":"tag-football","15":"tag-fr","16":"tag-france","17":"tag-handball","18":"tag-hauts-de-france","19":"tag-info","20":"tag-lille","21":"tag-news","22":"tag-republique-francaise","23":"tag-rugby","24":"tag-sport","25":"tag-volley"},"share_on_mastodon":{"url":"https:\/\/pubeurope.com\/@fr\/114941901154451577","error":""},"_links":{"self":[{"href":"https:\/\/www.europesays.com\/fr\/wp-json\/wp\/v2\/posts\/284162","targetHints":{"allow":["GET"]}}],"collection":[{"href":"https:\/\/www.europesays.com\/fr\/wp-json\/wp\/v2\/posts"}],"about":[{"href":"https:\/\/www.europesays.com\/fr\/wp-json\/wp\/v2\/types\/post"}],"author":[{"embeddable":true,"href":"https:\/\/www.europesays.com\/fr\/wp-json\/wp\/v2\/users\/2"}],"replies":[{"embeddable":true,"href":"https:\/\/www.europesays.com\/fr\/wp-json\/wp\/v2\/comments?post=284162"}],"version-history":[{"count":0,"href":"https:\/\/www.europesays.com\/fr\/wp-json\/wp\/v2\/posts\/284162\/revisions"}],"wp:featuredmedia":[{"embeddable":true,"href":"https:\/\/www.europesays.com\/fr\/wp-json\/wp\/v2\/media\/284163"}],"wp:attachment":[{"href":"https:\/\/www.europesays.com\/fr\/wp-json\/wp\/v2\/media?parent=284162"}],"wp:term":[{"taxonomy":"category","embeddable":true,"href":"https:\/\/www.europesays.com\/fr\/wp-json\/wp\/v2\/categories?post=284162"},{"taxonomy":"post_tag","embeddable":true,"href":"https:\/\/www.europesays.com\/fr\/wp-json\/wp\/v2\/tags?post=284162"}],"curies":[{"name":"wp","href":"https:\/\/api.w.org\/{rel}","templated":true}]}}