{"id":284165,"date":"2025-07-30T11:17:11","date_gmt":"2025-07-30T11:17:11","guid":{"rendered":"https:\/\/www.europesays.com\/fr\/284165\/"},"modified":"2025-07-30T11:17:11","modified_gmt":"2025-07-30T11:17:11","slug":"a-marseille-saga-la-belle-histoire-du-sous-marin-imagine-par-jacques-yves-cousteau","status":"publish","type":"post","link":"https:\/\/www.europesays.com\/fr\/284165\/","title":{"rendered":"\u00c0 Marseille, SAGA, la belle histoire du sous-marin imagin\u00e9 par Jacques-Yves Cousteau"},"content":{"rendered":"<p>\u00c0 l\u2019abandon pendant vingt ans, il fait d\u00e9sormais l\u2019objet de la plus grande attention des Compagnons du SAGA, autre association marseillaise r\u00e9unissant des passionn\u00e9s du patrimoine maritime, industriel et culturel.<\/p>\n<p>Depuis\u00a02010, ceux-ci s\u2019emploient \u00e0 entretenir et \u00e0 maintenir en \u00e9tat ce sous-marin, dont le projet avait jailli de l\u2019esprit cr\u00e9atif et avant-gardiste de Jacques-Yves Cousteau, au milieu des ann\u00e9es\u00a01960, avant qu\u2019il ne soit d\u00e9finitivement concr\u00e9tis\u00e9 par la Comex (1) et l\u2019Ifremer (2), une vingtaine d\u2019ann\u00e9es plus tard. Ce v\u00e9ritable fleuron de l\u2019histoire de la technologie sous-marine <a href=\"https:\/\/www.laprovence.com\/article\/region\/1135853030999315\/le-sous-marin-saga-du-commandant-cousteau-restera-t-il-a-lestaque-a-marseille\" target=\"_blank\" rel=\"noopener\">est toujours \u00e0 l\u2019abri dans un hangar de L\u2019Estaque, \u00e0 Marseille<\/a>, o\u00f9 les Compagnons du SAGA prennent soin de lui.<\/p>\n<p>(1) Cr\u00e9\u00e9e \u00e0 Marseille en\u00a01960, la Comex (Compagnie Maritime d\u2019Expertises) est sp\u00e9cialis\u00e9e dans l\u2019exploration sous-marine. Ses innovations ont contribu\u00e9 \u00e0 d\u00e9velopper la plong\u00e9e professionnelle. (2) Institut fran\u00e7ais de recherche pour l\u2019exploitation de la mer.<\/p>\n","protected":false},"excerpt":{"rendered":"\u00c0 l\u2019abandon pendant vingt ans, il fait d\u00e9sormais l\u2019objet de la plus grande attention des Compagnons du SAGA,&hellip;\n","protected":false},"author":2,"featured_media":284166,"comment_status":"","ping_status":"","sticky":false,"template":"","format":"standard","meta":{"footnotes":""},"categories":[2814],"tags":[17,1111,11,6041,1777,674,1011,27,937,24653,884,12,5912,882,16,25,10600,36558],"class_list":{"0":"post-284165","1":"post","2":"type-post","3":"status-publish","4":"format-standard","5":"has-post-thumbnail","7":"category-marseille","8":"tag-17","9":"tag-actu","10":"tag-actualites","11":"tag-belle","12":"tag-eu","13":"tag-europe","14":"tag-fr","15":"tag-france","16":"tag-histoire","17":"tag-imagine","18":"tag-marseille","19":"tag-news","20":"tag-par","21":"tag-provence-alpes-cote-dazur","22":"tag-region","23":"tag-republique-francaise","24":"tag-saga","25":"tag-sous-marin"},"share_on_mastodon":{"url":"https:\/\/pubeurope.com\/@fr\/114941909210127153","error":""},"_links":{"self":[{"href":"https:\/\/www.europesays.com\/fr\/wp-json\/wp\/v2\/posts\/284165","targetHints":{"allow":["GET"]}}],"collection":[{"href":"https:\/\/www.europesays.com\/fr\/wp-json\/wp\/v2\/posts"}],"about":[{"href":"https:\/\/www.europesays.com\/fr\/wp-json\/wp\/v2\/types\/post"}],"author":[{"embeddable":true,"href":"https:\/\/www.europesays.com\/fr\/wp-json\/wp\/v2\/users\/2"}],"replies":[{"embeddable":true,"href":"https:\/\/www.europesays.com\/fr\/wp-json\/wp\/v2\/comments?post=284165"}],"version-history":[{"count":0,"href":"https:\/\/www.europesays.com\/fr\/wp-json\/wp\/v2\/posts\/284165\/revisions"}],"wp:featuredmedia":[{"embeddable":true,"href":"https:\/\/www.europesays.com\/fr\/wp-json\/wp\/v2\/media\/284166"}],"wp:attachment":[{"href":"https:\/\/www.europesays.com\/fr\/wp-json\/wp\/v2\/media?parent=284165"}],"wp:term":[{"taxonomy":"category","embeddable":true,"href":"https:\/\/www.europesays.com\/fr\/wp-json\/wp\/v2\/categories?post=284165"},{"taxonomy":"post_tag","embeddable":true,"href":"https:\/\/www.europesays.com\/fr\/wp-json\/wp\/v2\/tags?post=284165"}],"curies":[{"name":"wp","href":"https:\/\/api.w.org\/{rel}","templated":true}]}}