{"id":284169,"date":"2025-07-30T11:19:11","date_gmt":"2025-07-30T11:19:11","guid":{"rendered":"https:\/\/www.europesays.com\/fr\/284169\/"},"modified":"2025-07-30T11:19:11","modified_gmt":"2025-07-30T11:19:11","slug":"lyon-des-travaux-jusqua-1-h-du-matin-prevus-sur-cette-grande-avenue-ce-quil-faut-savoir","status":"publish","type":"post","link":"https:\/\/www.europesays.com\/fr\/284169\/","title":{"rendered":"Lyon. Des travaux jusqu&rsquo;\u00e0 1 h du matin pr\u00e9vus sur cette grande avenue, ce qu&rsquo;il faut savoir"},"content":{"rendered":"<p>            Par<br \/>\n        <strong><br \/>\n            <a href=\"https:\/\/actu.fr\/auteur\/julien-damboise\" title=\"Consulter tous les articles de Julien Damboise\" rel=\"nofollow noopener\" target=\"_blank\">Julien Damboise<\/a><br \/>\n        <\/strong><\/p>\n<p>        Publi\u00e9 le<\/p>\n<p>            30 juil. 2025 \u00e0 11h37<br \/>\n        ; mis \u00e0 jour le 30 juil. 2025 \u00e0 11h38    <\/p>\n<p>Les travaux de transformation de l\u2019<strong>avenue des Fr\u00e8res-Lumi\u00e8res<\/strong> dans le 8\u1d49 arrondissement de <a href=\"https:\/\/actu.fr\/auvergne-rhone-alpes\/lyon_69123\" rel=\"nofollow noopener\" target=\"_blank\">Lyon<\/a> se poursuivent en cette fin juillet 2025. Les habitants vont subir les <strong>nuisances plus importantes<\/strong> que d\u2019habitude avec des <strong>op\u00e9rations dans la nuit<\/strong> du mercredi 30 au jeudi 31 juillet 2025.<\/p>\n<p>    <a href=\"https:\/\/www.google.com\/maps\/embed?pb=!1m18!1m12!1m3!1d2943.84522116621!2d4.8657449120275045!3d45.74459807095942!2m3!1f0!2f0!3f0!3m2!1i1024!2i768!4f13.1!3m3!1m2!1s0x47f4ea756415f273%3A0xff670b8ba4af1e85!2sAv.%20des%20Fr%C3%A8res%20Lumi%C3%A8re%2C%20Lyon!5e1!3m2!1sfr!2sfr!4v1753866010033!5m2!1sfr!2sfr\" title=\"Ouvrie le lien\" rel=\"nofollow noopener\" target=\"_blank\">Cliquez ici pour visualiser le contenu<\/a><\/p>\n<p>La mairie pr\u00e9vient<\/p>\n<p class=\" wall-content\">C\u2019est la mairie du 8\u1d49 qui a directement pr\u00e9venu des <a href=\"https:\/\/actu.fr\/tag\/travaux\" rel=\"nofollow noopener\" target=\"_blank\">travaux<\/a> pr\u00e9vus dans la nuit, afin de faire encore avancer l\u2019<strong>immense chantier<\/strong> qui provoque nuisances et perturbations. Pour rappel, d\u2019ici 2026, cette grande avenue tr\u00e8s commer\u00e7ante doit devenir une \u00ab\u00a0v\u00e9lo rue\u00a0\u00bb. Le projet port\u00e9 par la M\u00e9tropole et la Ville de Lyon pr\u00e9voit la r\u00e9duction de la circulation automobile, du stationnement et la plantation de 100 arbres.<\/p>\n<p class=\" wall-content\">La nuit prochaine, <strong>de 20 h \u00e0 1 h du matin jeudi<\/strong>, c\u2019est le rev\u00eatement de la chauss\u00e9e \u00ab\u00a0sur la portion actuellement en chantier\u00a0\u00bb qui sera r\u00e9alis\u00e9, d\u2019apr\u00e8s la municipalit\u00e9. Attention, la circulation sera coup\u00e9e entre la rue Sisley et la <a href=\"https:\/\/actu.fr\/auvergne-rhone-alpes\/lyon_69123\/lyon-ce-restaurant-emblematique-ferme-pour-un-nouveau-concept-note-4-9-sur-google_62956481.html\" rel=\"nofollow noopener\" target=\"_blank\">place Ambroise Courtois<\/a>.<\/p>\n<p>Un d\u00e9bat entre habitants<\/p>\n<p class=\" wall-content\">Les riverains, impact\u00e9s ou non par cette phase de travaux, \u00e9changent sur la pertinence de ces travaux en pleine nuit, avec quelques critiques.<\/p>\n<p class=\" wall-content\">\u00a0\u00bb Et le bruit la nuit pour les <strong>personnes qui doivent aller bosser le lendemain<\/strong>, vous y pensez\u202f?\u00a0\u00bb, \u00ab\u00a0au moins, ils ont l\u2019intelligence de le faire la nuit. Si tous les travaux et rues coup\u00e9es pouvaient \u00eatre pareil, ce serait vraiment mieux pour notre ville et la circulation\u00a0\u00bb, pouvait-on notamment lire sur <a href=\"https:\/\/actu.fr\/tag\/facebook\" rel=\"nofollow noopener\" target=\"_blank\">Facebook<\/a>.<\/p>\n<p class=\" wall-content\">Ce \u00e0 quoi le vice-pr\u00e9sident \u00e9cologiste de la m\u00e9tropole, Fabien Bagnon, a r\u00e9pondu que \u00ab\u00a0les travaux de nuits sont l\u00e9galement tr\u00e8s <strong>encadr\u00e9s<\/strong>, car ils cr\u00e9ent d\u2019importantes nuisances\u00a0\u00bb.<\/p>\n<p class=\" wall-content\">Les habitants du secteur sont donc pr\u00e9venus, alors que la premi\u00e8re tranche d\u2019am\u00e9nagement doit \u00eatre <strong>termin\u00e9e cet \u00e9t\u00e9<\/strong> avant une nouvelle phase jusqu\u2019en 2026.<\/p>\n<p class=\" wall-content\">Suivez toute l\u2019actualit\u00e9 de vos villes et m\u00e9dias favoris en vous inscrivant \u00e0 <a href=\"https:\/\/moncompte.actu.fr\" title=\"D\u00e9couvez Mon Actu\" rel=\"nofollow noopener\" data-trk=\"{&quot;cta&quot;:{&quot;action&quot;:&quot;https:\\\/\\\/moncompte.actu.fr&quot;,&quot;category&quot;:&quot;mon compte&quot;,&quot;from&quot;:&quot;article footer&quot;,&quot;name&quot;:&quot;Mon actu&quot;,&quot;type&quot;:&quot;cta&quot;}}\" target=\"_blank\">Mon Actu<\/a>.<\/p>\n","protected":false},"excerpt":{"rendered":"Par Julien Damboise Publi\u00e9 le 30 juil. 2025 \u00e0 11h37 ; mis \u00e0 jour le 30 juil. 2025&hellip;\n","protected":false},"author":2,"featured_media":91027,"comment_status":"","ping_status":"","sticky":false,"template":"","format":"standard","meta":{"footnotes":""},"categories":[1889],"tags":[1111,11,2430,1777,674,1011,27,2428,12,25,104,2086],"class_list":{"0":"post-284169","1":"post","2":"type-post","3":"status-publish","4":"format-standard","5":"has-post-thumbnail","7":"category-lyon","8":"tag-actu","9":"tag-actualites","10":"tag-auvergne-rhone-alpes","11":"tag-eu","12":"tag-europe","13":"tag-fr","14":"tag-france","15":"tag-lyon","16":"tag-news","17":"tag-republique-francaise","18":"tag-societe","19":"tag-travaux"},"share_on_mastodon":{"url":"https:\/\/pubeurope.com\/@fr\/114941916943488054","error":""},"_links":{"self":[{"href":"https:\/\/www.europesays.com\/fr\/wp-json\/wp\/v2\/posts\/284169","targetHints":{"allow":["GET"]}}],"collection":[{"href":"https:\/\/www.europesays.com\/fr\/wp-json\/wp\/v2\/posts"}],"about":[{"href":"https:\/\/www.europesays.com\/fr\/wp-json\/wp\/v2\/types\/post"}],"author":[{"embeddable":true,"href":"https:\/\/www.europesays.com\/fr\/wp-json\/wp\/v2\/users\/2"}],"replies":[{"embeddable":true,"href":"https:\/\/www.europesays.com\/fr\/wp-json\/wp\/v2\/comments?post=284169"}],"version-history":[{"count":0,"href":"https:\/\/www.europesays.com\/fr\/wp-json\/wp\/v2\/posts\/284169\/revisions"}],"wp:featuredmedia":[{"embeddable":true,"href":"https:\/\/www.europesays.com\/fr\/wp-json\/wp\/v2\/media\/91027"}],"wp:attachment":[{"href":"https:\/\/www.europesays.com\/fr\/wp-json\/wp\/v2\/media?parent=284169"}],"wp:term":[{"taxonomy":"category","embeddable":true,"href":"https:\/\/www.europesays.com\/fr\/wp-json\/wp\/v2\/categories?post=284169"},{"taxonomy":"post_tag","embeddable":true,"href":"https:\/\/www.europesays.com\/fr\/wp-json\/wp\/v2\/tags?post=284169"}],"curies":[{"name":"wp","href":"https:\/\/api.w.org\/{rel}","templated":true}]}}