{"id":284174,"date":"2025-07-30T11:23:09","date_gmt":"2025-07-30T11:23:09","guid":{"rendered":"https:\/\/www.europesays.com\/fr\/284174\/"},"modified":"2025-07-30T11:23:09","modified_gmt":"2025-07-30T11:23:09","slug":"caen-hb-les-vikings-connaissent-la-date-de-la-reception-du-paris-saint-germain-en-coupe-de-france","status":"publish","type":"post","link":"https:\/\/www.europesays.com\/fr\/284174\/","title":{"rendered":"Caen HB. Les Vikings connaissent la date de la r\u00e9ception du Paris Saint-Germain en Coupe de France"},"content":{"rendered":"<p>            Par<br \/>\n        <strong><br \/>\n            <a href=\"https:\/\/actu.fr\/auteur\/alexandre-gourlaouen\" title=\"Consulter tous les articles de Alexandre Gourlaouen\" target=\"_blank\" rel=\"noopener\">Alexandre Gourlaouen<\/a><br \/>\n        <\/strong><\/p>\n<p>        Publi\u00e9 le<\/p>\n<p>            30 juil. 2025 \u00e0 12h22        <\/p>\n<p>Le <a href=\"https:\/\/actu.fr\/tag\/caen-hand-ball\" target=\"_blank\" rel=\"noopener\">Caen Handball<\/a> a tir\u00e9 <b>le plus gros morceau possible<\/b> lors du tirage au sort <b>du premier tour de la Coupe de France<\/b> en juin 2025. Les Vikings auront l\u2019opportunit\u00e9 de recevoir le Paris Saint-Germain, <b>fort de onze titres de champion de France cons\u00e9cutifs<\/b>, au Palais des Sports Caen la mer. Les Vikings savent d\u00e9sormais <b>qu\u2019ils entameront leur saison un mardi.<\/b><\/p>\n<p>Les abonn\u00e9s prioritaires sur la billetterie<\/p>\n<p class=\" wall-content\">Le Paris Saint-Germain viendra en effet en Normandie <b>le mardi 2 septembre 2025 \u00e0 20h30.<\/b> Les Vikings seront oppos\u00e9s <b>\u00e0 ce qui se fait de mieux<\/b> dans le handball fran\u00e7ais pour ce 16\u00e8me de finale de la Coupe de France.<\/p>\n<p class=\" wall-content\">La billetterie pour cette rencontre de prestige <b>n\u2019a pas encore \u00e9t\u00e9 ouverte<\/b>, mais le club a d\u00e9j\u00e0 annonc\u00e9 que <b>les abonn\u00e9s auront un acc\u00e8s prioritaire.<\/b><\/p>\n<p class=\" wall-content\">Suivez toute l\u2019actualit\u00e9 de vos villes et m\u00e9dias favoris en vous inscrivant \u00e0 <a href=\"https:\/\/moncompte.actu.fr\" title=\"D\u00e9couvez Mon Actu\" rel=\"nofollow noopener\" data-trk=\"{&quot;cta&quot;:{&quot;action&quot;:&quot;https:\\\/\\\/moncompte.actu.fr&quot;,&quot;category&quot;:&quot;mon compte&quot;,&quot;from&quot;:&quot;article footer&quot;,&quot;name&quot;:&quot;Mon actu&quot;,&quot;type&quot;:&quot;cta&quot;}}\" target=\"_blank\">Mon Actu<\/a>.<\/p>\n","protected":false},"excerpt":{"rendered":"Par Alexandre Gourlaouen Publi\u00e9 le 30 juil. 2025 \u00e0 12h22 Le Caen Handball a tir\u00e9 le plus gros&hellip;\n","protected":false},"author":2,"featured_media":284175,"comment_status":"","ping_status":"","sticky":false,"template":"","format":"standard","meta":{"footnotes":""},"categories":[1888],"tags":[1111,1928,11,1927,7384,1777,674,1011,27,1792,12,1926,42332,626,1925,25,1745,60],"class_list":{"0":"post-284174","1":"post","2":"type-post","3":"status-publish","4":"format-standard","5":"has-post-thumbnail","7":"category-paris","8":"tag-actu","9":"tag-actu-paris","10":"tag-actualites","11":"tag-actualites-paris","12":"tag-caen-hand-ball","13":"tag-eu","14":"tag-europe","15":"tag-fr","16":"tag-france","17":"tag-handball","18":"tag-news","19":"tag-news-paris","20":"tag-palais-des-sports-de-caen","21":"tag-paris","22":"tag-paris-news","23":"tag-republique-francaise","24":"tag-sport-caen","25":"tag-sports"},"share_on_mastodon":{"url":"https:\/\/pubeurope.com\/@fr\/114941932567571031","error":""},"_links":{"self":[{"href":"https:\/\/www.europesays.com\/fr\/wp-json\/wp\/v2\/posts\/284174","targetHints":{"allow":["GET"]}}],"collection":[{"href":"https:\/\/www.europesays.com\/fr\/wp-json\/wp\/v2\/posts"}],"about":[{"href":"https:\/\/www.europesays.com\/fr\/wp-json\/wp\/v2\/types\/post"}],"author":[{"embeddable":true,"href":"https:\/\/www.europesays.com\/fr\/wp-json\/wp\/v2\/users\/2"}],"replies":[{"embeddable":true,"href":"https:\/\/www.europesays.com\/fr\/wp-json\/wp\/v2\/comments?post=284174"}],"version-history":[{"count":0,"href":"https:\/\/www.europesays.com\/fr\/wp-json\/wp\/v2\/posts\/284174\/revisions"}],"wp:featuredmedia":[{"embeddable":true,"href":"https:\/\/www.europesays.com\/fr\/wp-json\/wp\/v2\/media\/284175"}],"wp:attachment":[{"href":"https:\/\/www.europesays.com\/fr\/wp-json\/wp\/v2\/media?parent=284174"}],"wp:term":[{"taxonomy":"category","embeddable":true,"href":"https:\/\/www.europesays.com\/fr\/wp-json\/wp\/v2\/categories?post=284174"},{"taxonomy":"post_tag","embeddable":true,"href":"https:\/\/www.europesays.com\/fr\/wp-json\/wp\/v2\/tags?post=284174"}],"curies":[{"name":"wp","href":"https:\/\/api.w.org\/{rel}","templated":true}]}}