{"id":284182,"date":"2025-07-30T11:27:14","date_gmt":"2025-07-30T11:27:14","guid":{"rendered":"https:\/\/www.europesays.com\/fr\/284182\/"},"modified":"2025-07-30T11:27:14","modified_gmt":"2025-07-30T11:27:14","slug":"en-direct-risques-de-tsunami-dans-le-pacifique-lalerte-retrogradee-dans-plusieurs-pays-impact-attendu-en-polynesie","status":"publish","type":"post","link":"https:\/\/www.europesays.com\/fr\/284182\/","title":{"rendered":"EN DIRECT &#8211; Risques de tsunami dans le Pacifique : l&rsquo;alerte r\u00e9trograd\u00e9e dans plusieurs pays, impact attendu en Polyn\u00e9sie"},"content":{"rendered":"<p>                la polyn\u00e9sie fran\u00e7aise pourrait \u00eatre touch\u00e9e<\/p>\n<p>Des vagues d&rsquo;un \u00e0 trois m\u00e8tres sont possibles <strong>le long de certaines c\u00f4tes de Polyn\u00e9sie fran\u00e7aise<\/strong>, a averti le centre am\u00e9ricain des tsunamis (PTWC). \u00ab\u00a0Le Laboratoire de g\u00e9ophysique a inform\u00e9 le Haut-commissaire de la R\u00e9publique en Polyn\u00e9sie fran\u00e7aise d&rsquo;un impact potentiel\u00a0\u00bb pour le territoire, dans la nuit de mardi \u00e0 mercredi, ont annonc\u00e9 les autorit\u00e9s.<\/p>\n<p>\u00ab\u00a0Une onde oc\u00e9anique\u00a0\u00bb se dirigeait \u00ab\u00a0vers les c\u00f4tes des Marquises, avec une hauteur maximale de 2,60m\u00a0\u00bb. \u00ab\u00a0Les autres archipels de la Polyn\u00e9sie fran\u00e7aise, notamment <strong>les \u00eeles Sous-le-Vent<\/strong>, devraient \u00eatre concern\u00e9s par une hauteur d\u2019eau inf\u00e9rieure \u00e0 30 cm\u00a0\u00bb, a ajout\u00e9 le Haut-commissaire.<\/p>\n<p>Le centre am\u00e9ricain des tsunamis a \u00e9galement d\u00e9clar\u00e9 que <strong>la Nouvelle-Cal\u00e9donie et Wallis-et-Futuna<\/strong> pouvaient \u00eatre frapp\u00e9s par des vagues allant de \u00ab\u00a030 centim\u00e8tres \u00e0 un m\u00e8tre\u00a0\u00bb au dessus du niveau de la mer.<\/p>\n<p>    Partager<\/p>\n","protected":false},"excerpt":{"rendered":"la polyn\u00e9sie fran\u00e7aise pourrait \u00eatre touch\u00e9e Des vagues d&rsquo;un \u00e0 trois m\u00e8tres sont possibles le long de certaines&hellip;\n","protected":false},"author":2,"featured_media":284183,"comment_status":"","ping_status":"","sticky":false,"template":"","format":"standard","meta":{"footnotes":""},"categories":[1591],"tags":[11,898,309,1887,107,2070,12,10227,1885,1886,132,7965],"class_list":{"0":"post-284182","1":"post","2":"type-post","3":"status-publish","4":"format-standard","5":"has-post-thumbnail","7":"category-russie","8":"tag-actualites","9":"tag-alerte","10":"tag-chine","11":"tag-federation-de-russie","12":"tag-fil-info","13":"tag-japon","14":"tag-news","15":"tag-perou","16":"tag-russia","17":"tag-russian-federation","18":"tag-russie","19":"tag-seisme"},"share_on_mastodon":{"url":"https:\/\/pubeurope.com\/@fr\/114941948324232372","error":""},"_links":{"self":[{"href":"https:\/\/www.europesays.com\/fr\/wp-json\/wp\/v2\/posts\/284182","targetHints":{"allow":["GET"]}}],"collection":[{"href":"https:\/\/www.europesays.com\/fr\/wp-json\/wp\/v2\/posts"}],"about":[{"href":"https:\/\/www.europesays.com\/fr\/wp-json\/wp\/v2\/types\/post"}],"author":[{"embeddable":true,"href":"https:\/\/www.europesays.com\/fr\/wp-json\/wp\/v2\/users\/2"}],"replies":[{"embeddable":true,"href":"https:\/\/www.europesays.com\/fr\/wp-json\/wp\/v2\/comments?post=284182"}],"version-history":[{"count":0,"href":"https:\/\/www.europesays.com\/fr\/wp-json\/wp\/v2\/posts\/284182\/revisions"}],"wp:featuredmedia":[{"embeddable":true,"href":"https:\/\/www.europesays.com\/fr\/wp-json\/wp\/v2\/media\/284183"}],"wp:attachment":[{"href":"https:\/\/www.europesays.com\/fr\/wp-json\/wp\/v2\/media?parent=284182"}],"wp:term":[{"taxonomy":"category","embeddable":true,"href":"https:\/\/www.europesays.com\/fr\/wp-json\/wp\/v2\/categories?post=284182"},{"taxonomy":"post_tag","embeddable":true,"href":"https:\/\/www.europesays.com\/fr\/wp-json\/wp\/v2\/tags?post=284182"}],"curies":[{"name":"wp","href":"https:\/\/api.w.org\/{rel}","templated":true}]}}