{"id":284187,"date":"2025-07-30T11:30:28","date_gmt":"2025-07-30T11:30:28","guid":{"rendered":"https:\/\/www.europesays.com\/fr\/284187\/"},"modified":"2025-07-30T11:30:28","modified_gmt":"2025-07-30T11:30:28","slug":"le-royaume-uni-pret-a-reconnaitre-letat-de-palestine-sans-revirement-israelien","status":"publish","type":"post","link":"https:\/\/www.europesays.com\/fr\/284187\/","title":{"rendered":"Le Royaume-Uni pr\u00eat \u00e0 reconna\u00eetre l\u2019\u00c9tat de Palestine sans revirement isra\u00e9lien"},"content":{"rendered":"<p>Le 24 juillet 2025, Emmanuel Macron prenait tout le monde de court en annon\u00e7ant que la France reconna\u00eetrait l\u2019\u00c9tat de Palestine en septembre. Une d\u00e9claration qui avait fait de Paris le premier pays du G7 \u00e0 s\u2019engager aussi clairement en ce sens. \u00c0 ses yeux, il ne s\u2019agit pas d\u2019un geste symbolique, mais d\u2019un levier diplomatique pour relancer une solution \u00e0 deux \u00c9tats, de plus en plus menac\u00e9e.<\/p>\n<p>Cinq jours plus tard, c\u2019est au tour de Londres de suivre le pas. \u00ab\u00a0Le Royaume-Uni reconna\u00eetra l&rsquo;\u00c9tat de Palestine en septembre, \u00e0 moins que le gouvernement isra\u00e9lien ne prenne des mesures substantielles pour mettre fin \u00e0 la situation \u00e9pouvantable \u00e0 Gaza\u00a0\u00bb, a annonc\u00e9 un porte-parole de Downing Street, \u00e0 l\u2019issue d\u2019une r\u00e9union d\u2019urgence du cabinet britannique.<\/p>\n<p class=\"p-empty\">\u00a0<\/p>\n<p class=\"p-empty\">\u00a0<\/p>\n<blockquote class=\"twitter-tweet\">\n<p dir=\"ltr\" lang=\"en\" xml:lang=\"en\">My statement on the humanitarian crisis in Gaza and our plan for peace including the recognition of a Palestinian State. <a href=\"https:\/\/t.co\/aMUCNwJb9z\" target=\"_blank\" rel=\"nofollow\">pic.twitter.com\/aMUCNwJb9z<\/a><\/p>\n<p>\u2014 Keir Starmer (@Keir_Starmer) <a href=\"https:\/\/twitter.com\/Keir_Starmer\/status\/1950236096341676348?ref_src=twsrc%5Etfw\" target=\"_blank\" rel=\"nofollow noopener\">July 29, 2025<\/a><\/p><\/blockquote>\n<p class=\"p-empty\">\u00a0<\/p>\n<p class=\"p-empty\">\u00a0<\/p>\n<p>Plusieurs conditions exig\u00e9es par le Royaume-Uni<\/p>\n<p>N\u00e9anmoins, Keir Starmer, \u00e9lu Premier ministre d\u00e9but juillet, fixe plusieurs conditions pr\u00e9cises pour que la reconnaissance ne se concr\u00e9tise pas : un cessez-le-feu imm\u00e9diat \u00e0 Gaza, l\u2019engagement d\u2019Isra\u00ebl \u00e0 ne pas annexer la Cisjordanie, et l\u2019acceptation d\u2019un processus de paix \u00e0 long terme bas\u00e9 sur la solution \u00e0 deux \u00c9tats. Il exige \u00e9galement qu\u2019Isra\u00ebl autorise la reprise de la distribution d\u2019aide humanitaire par les Nations unies et s\u2019engage \u00e0 renoncer \u00e0 toute extension de la colonisation en territoire palestinien.<\/p>\n<p>\u00a0\u00ab\u00a0J&rsquo;ai toujours dit que nous reconna\u00eetrions un \u00c9tat palestinien comme une contribution \u00e0 un v\u00e9ritable processus de paix, au moment o\u00f9 cela aurait le plus d&rsquo;impact pour une solution \u00e0 deux \u00c9tats\u00a0\u00bb, a affirm\u00e9 le chef du gouvernement britannique. \u00ab\u00a0Maintenant que cette solution est menac\u00e9e, c&rsquo;est le moment d&rsquo;agir\u00a0\u00bb, a-t-il insist\u00e9. Sa prise de position fait suite \u00e0 des pressions internes o\u00f9 plus d\u2019un tiers des d\u00e9put\u00e9s britanniques avaient sign\u00e9 une lettre poussant le Premier ministre \u00e0 suivre la d\u00e9cision d\u2019Emmanuel Macron.<\/p>\n<p>Mais Keir Starmer exige \u00e9galement, de la part du Hamas, la lib\u00e9ration de tous les otages encore retenus et appelle \u00e0 la d\u00e9militarisation totale du mouvement islamiste, afin qu\u2019il \u00ab\u00a0ne joue plus aucun r\u00f4le cl\u00e9\u00a0\u00bb dans les affaires palestiniennes.<\/p>\n<p class=\"p-empty\">\u00a0<\/p>\n<p class=\"p-empty\">\u00a0<\/p>\n<blockquote class=\"twitter-tweet\">\n<p dir=\"ltr\" lang=\"fr\" xml:lang=\"fr\">Le Royaume-Uni se joint aujourd\u2019hui \u00e0 l&rsquo;\u00e9lan cr\u00e9\u00e9 par la France pour la reconnaissance de l&rsquo;Etat de Palestine.<\/p>\n<p>Ensemble, par cette d\u00e9cision capitale et nos efforts conjugu\u00e9s, nous enrayons le cycle infini de la violence et rouvrons la perspective de la paix dans la r\u00e9gion.<\/p>\n<p>Une\u2026<\/p>\n<p>\u2014 Jean-No\u00ebl Barrot (@jnbarrot) <a href=\"https:\/\/twitter.com\/jnbarrot\/status\/1950225621067403743?ref_src=twsrc%5Etfw\" target=\"_blank\" rel=\"nofollow noopener\">July 29, 2025<\/a><\/p><\/blockquote>\n<p class=\"p-empty\">\u00a0<\/p>\n<p class=\"p-empty\">\u00a0<\/p>\n<p>Le Royaume-Uni suit le mouvement europ\u00e9en<\/p>\n<p>Avec sa d\u00e9cision, le Royaume-Uni rejoint une dynamique initi\u00e9e par plusieurs pays europ\u00e9ens ces derniers mois. En mai 2024, l\u2019Irlande, l\u2019Espagne et la Norv\u00e8ge avaient annonc\u00e9 reconna\u00eetre l\u2019\u00c9tat palestinien, suivies par la Slov\u00e9nie. Mais la reconnaissance de la part de la France et du Royaume-Uni, en tant que puissances du G7 et membres permanents du Conseil de s\u00e9curit\u00e9 de l\u2019ONU, donne d\u00e9sormais une nouvelle ampleur politique \u00e0 cette s\u00e9rie. \u00ab\u00a0Le Royaume-Uni se joint aujourd\u2019hui \u00e0 l\u2019\u00e9lan cr\u00e9\u00e9 par la France pour la reconnaissance de l\u2019\u00c9tat de Palestine\u00a0\u00bb, a notamment salu\u00e9 le ministre fran\u00e7ais des Affaires \u00e9trang\u00e8res Jean-No\u00ebl Barrot sur X.<\/p>\n<p class=\"p-empty\">\u00a0<\/p>\n<p class=\"p-empty\">\u00a0<\/p>\n<p><img alt=\"Femme palestine\" loading=\"lazy\" decoding=\"async\" data-nimg=\"fill\" class=\"drupal__img align-center\" style=\"position:absolute;height:100%;width:100%;left:0;top:0;right:0;bottom:0;object-fit:cover;color:transparent\"   src=\"https:\/\/www.europesays.com\/fr\/wp-content\/uploads\/2025\/07\/1753875028_252_image\"\/><\/p>\n<p class=\"p-empty\">\u00a0<\/p>\n<p class=\"p-empty\">\u00a0<\/p>\n<p>Un rejet ferme d\u2019Isra\u00ebl<\/p>\n<p>Sans surprise, l\u2019annonce britannique a imm\u00e9diatement suscit\u00e9 de vives r\u00e9actions de la part de Tel-Aviv. Le ministre isra\u00e9lien des Affaires \u00e9trang\u00e8res, Barak David, a d\u00e9nonc\u00e9 sur X une \u00ab\u00a0r\u00e9compense pour le Hamas\u00a0\u00bb qui \u00ab\u00a0compromet les efforts visant \u00e0 parvenir \u00e0 un cessez-le-feu \u00e0 Gaza et \u00e0 un cadre pour la lib\u00e9ration des otages\u00a0\u00bb. \u00c0 noter qu\u2019Isra\u00ebl a officiellement rejet\u00e9 la d\u00e9claration du Premier ministre britannique, refusant toute condition pr\u00e9alable qui pourrait \u00eatre per\u00e7ue comme une pression diplomatique.<\/p>\n<p class=\"p-empty\">\u00a0<\/p>\n<p>Vers un vote \u00e0 l\u2019ONU ?<\/p>\n<p>La reconnaissance britannique pourrait intervenir officiellement lors de l\u2019Assembl\u00e9e g\u00e9n\u00e9rale des Nations unies en septembre 2025. Selon les derniers chiffres compil\u00e9s par l\u2019AFP, au moins 142 des 193 \u00c9tats membres de l\u2019ONU reconnaissent actuellement l\u2019\u00c9tat palestinien, dont la quasi-totalit\u00e9 des pays du \u00ab Sud global \u00bb. Mais l\u2019adh\u00e9sion d\u2019\u00c9tats occidentaux majeurs pourrait changer la donne en termes de l\u00e9gitimit\u00e9 internationale d\u2019un \u00e9tat palestinien.<\/p>\n<p class=\"p-empty\">\u00a0<\/p>\n<p><script async src=\"https:\/\/platform.twitter.com\/widgets.js\" charset=\"utf-8\"><\/script><\/p>\n","protected":false},"excerpt":{"rendered":"Le 24 juillet 2025, Emmanuel Macron prenait tout le monde de court en annon\u00e7ant que la France reconna\u00eetrait&hellip;\n","protected":false},"author":2,"featured_media":284188,"comment_status":"","ping_status":"","sticky":false,"template":"","format":"standard","meta":{"footnotes":""},"categories":[1588],"tags":[11,1777,674,12,473,1853,1851,1850,1852],"class_list":{"0":"post-284187","1":"post","2":"type-post","3":"status-publish","4":"format-standard","5":"has-post-thumbnail","7":"category-royaume-uni","8":"tag-actualites","9":"tag-eu","10":"tag-europe","11":"tag-news","12":"tag-royaume-uni","13":"tag-royaume-uni-de-grande-bretagne-et-dirlande-du-nord","14":"tag-uk","15":"tag-united-kingdom","16":"tag-united-kingdom-of-great-britain-and-northern-ireland"},"share_on_mastodon":{"url":"https:\/\/pubeurope.com\/@fr\/114941960101855863","error":""},"_links":{"self":[{"href":"https:\/\/www.europesays.com\/fr\/wp-json\/wp\/v2\/posts\/284187","targetHints":{"allow":["GET"]}}],"collection":[{"href":"https:\/\/www.europesays.com\/fr\/wp-json\/wp\/v2\/posts"}],"about":[{"href":"https:\/\/www.europesays.com\/fr\/wp-json\/wp\/v2\/types\/post"}],"author":[{"embeddable":true,"href":"https:\/\/www.europesays.com\/fr\/wp-json\/wp\/v2\/users\/2"}],"replies":[{"embeddable":true,"href":"https:\/\/www.europesays.com\/fr\/wp-json\/wp\/v2\/comments?post=284187"}],"version-history":[{"count":0,"href":"https:\/\/www.europesays.com\/fr\/wp-json\/wp\/v2\/posts\/284187\/revisions"}],"wp:featuredmedia":[{"embeddable":true,"href":"https:\/\/www.europesays.com\/fr\/wp-json\/wp\/v2\/media\/284188"}],"wp:attachment":[{"href":"https:\/\/www.europesays.com\/fr\/wp-json\/wp\/v2\/media?parent=284187"}],"wp:term":[{"taxonomy":"category","embeddable":true,"href":"https:\/\/www.europesays.com\/fr\/wp-json\/wp\/v2\/categories?post=284187"},{"taxonomy":"post_tag","embeddable":true,"href":"https:\/\/www.europesays.com\/fr\/wp-json\/wp\/v2\/tags?post=284187"}],"curies":[{"name":"wp","href":"https:\/\/api.w.org\/{rel}","templated":true}]}}