{"id":284189,"date":"2025-07-30T11:31:10","date_gmt":"2025-07-30T11:31:10","guid":{"rendered":"https:\/\/www.europesays.com\/fr\/284189\/"},"modified":"2025-07-30T11:31:10","modified_gmt":"2025-07-30T11:31:10","slug":"recul-surprise-du-pib-au-deuxieme-trimestre","status":"publish","type":"post","link":"https:\/\/www.europesays.com\/fr\/284189\/","title":{"rendered":"recul surprise du PIB au deuxi\u00e8me trimestre"},"content":{"rendered":"<p>Un mauvais signe. L\u2019\u00e9conomie allemande a replong\u00e9 au deuxi\u00e8me trimestre apr\u00e8s une hausse du PIB en d\u00e9but d\u2019ann\u00e9e, selon une premi\u00e8re estimation publi\u00e9e mercredi 30\u00a0juillet. Entre avril et juin, le Produit int\u00e9rieur brut allemand a recul\u00e9 de 0,1\u00a0% selon l\u2019institut Destatis, tandis que les analystes de la plateforme Factset et de la Bundesbank s\u2019attendaient \u00e0 une stagnation.<\/p>\n<p>La premi\u00e8re \u00e9conomie europ\u00e9enne a souffert de la baisse des investissements, notamment dans la construction, malgr\u00e9 un rebond de la consommation des m\u00e9nages jusqu\u2019ici morose. Les chiffres du jour rompent avec le rebond de croissance enregistr\u00e9 en d\u00e9but d\u2019ann\u00e9e, revu \u00e0 la baisse mercredi de 0,4\u00a0% \u00e0 0,3\u00a0%.<\/p>\n<p>Les effets d\u2019anticipation <a href=\"https:\/\/www.la-croix.com\/economie\/guerre-commerciale-face-aux-etats-unis-comment-l-allemagne-a-perdu-ses-illusions-20250410\" data-tracking=\"inpage_click\" data-tracking-action=\"suivre un lien dans l&#039;article\" data-tracking-category=\"engagement\" rel=\"nofollow noopener\" target=\"_blank\">des droits de douane am\u00e9ricains<\/a>, qui avaient dop\u00e9 l\u2019activit\u00e9 au premier trimestre, semblent avoir disparu. Ainsi, le PIB allemand, apathique depuis plusieurs ann\u00e9es en raison d\u2019une crise industrielle et de son mod\u00e8le exportateur, retrouve de facto son niveau pr\u00e9-Covid, selon le cabinet Capital Economics.<\/p>\n<p>\u00ab\u00a0Apr\u00e8s quelques bons chiffres, c\u2019est donc \u00e0 nouveau une d\u00e9ception pour l\u2019\u00e9conomie allemande\u00a0\u00bb, estime Jens-Oliver Niklasch de la banque LBBW. Il ajoute que les barri\u00e8res commerciales \u00e9rig\u00e9es par les \u00c9tats-Unis, premier partenaire commercial de l\u2019Allemagne, \u00ab\u00a0ont probablement fait des ravages\u00a0\u00bb, bien que la premi\u00e8re estimation de Destatis ne soit pas explicite.<\/p>\n<p>\u00ab\u00a0Cela ne signifie pas pour autant que la reprise soit compromise\u00a0\u00bb, nuance Geraldine Dany-Knedlik de l\u2019institut DIW. Elle rel\u00e8ve une embellie du climat des affaires et de la production dans le secteur manufacturier, tandis que <a href=\"https:\/\/www.la-croix.com\/economie\/droits-de-douane-ce-que-l-on-sait-de-laccord-commercial-entre-lue-et-les-etats-unis-20250728\" data-tracking=\"inpage_click\" data-tracking-action=\"suivre un lien dans l&#039;article\" data-tracking-category=\"engagement\" rel=\"nofollow noopener\" target=\"_blank\">l\u2019accord entre Bruxelles et Washington<\/a> apportera une \u00ab\u00a0plus grande s\u00e9curit\u00e9 de planification\u00a0\u00bb.<\/p>\n<p>\u00ab\u00a0Dommages importants\u00a0\u00bb<\/p>\n<p>L\u2019UE et les \u00c9tats-Unis se sont mis d\u2019accord sur des droits de douane de 15\u00a0% sur les importations europ\u00e9ennes, avec des exemptions \u00e0 venir pour certains secteurs. Ces surtaxes causeront des \u00ab\u00a0dommages importants\u00a0\u00bb \u00e0 l\u2019\u00e9conomie allemande tr\u00e8s d\u00e9pendante des exportations, a reconnu lundi le chancelier Friedrich Merz.<\/p>\n<p>Mardi, le Fonds Mon\u00e9taire international a indiqu\u00e9 s\u2019attendre \u00e0 une hausse du PIB de 0,1\u00a0% en Allemagne, contre une stagnation auparavant, estimant que l\u2019\u00e9conomie mondiale r\u00e9sistera mieux que pr\u00e9vu aux conflits commerciaux. Mais cette pr\u00e9vision ne tient pas en compte l\u2019accord douanier de la semaine derni\u00e8re, de m\u00eame que celle du gouvernement allemand qui table sur une stagnation de l\u2019\u00e9conomie en 2025.<\/p>\n<p>La crise de l\u2019industrie allemande, entre prix de l\u2019\u00e9nergie \u00e9lev\u00e9 et perte de terrain face aux concurrents chinois est un d\u00e9fi majeur pour le gouvernement de Friedrich Merz, entr\u00e9 en fonction d\u00e9but mai. Le chancelier compte sur un effort budg\u00e9taire cons\u00e9quent pour relancer l\u2019\u00e9conomie, avec une enveloppe de plusieurs centaines de milliards d\u2019euros destin\u00e9e \u00e0 <a href=\"https:\/\/www.la-croix.com\/international\/budget-defense-l-allemagne-entame-sa-revolution-20250313\" data-tracking=\"inpage_click\" data-tracking-action=\"suivre un lien dans l&#039;article\" data-tracking-category=\"engagement\" rel=\"nofollow noopener\" target=\"_blank\">moderniser la d\u00e9fense et les infrastructures<\/a>, dont les effets devraient se faire sentir sur la croissance en 2026.<\/p>\n","protected":false},"excerpt":{"rendered":"Un mauvais signe. L\u2019\u00e9conomie allemande a replong\u00e9 au deuxi\u00e8me trimestre apr\u00e8s une hausse du PIB en d\u00e9but d\u2019ann\u00e9e,&hellip;\n","protected":false},"author":2,"featured_media":284190,"comment_status":"","ping_status":"","sticky":false,"template":"","format":"standard","meta":{"footnotes":""},"categories":[1587],"tags":[11,672,1804,1805,1803,1777,674,1801,12,1802],"class_list":{"0":"post-284189","1":"post","2":"type-post","3":"status-publish","4":"format-standard","5":"has-post-thumbnail","7":"category-allemagne","8":"tag-actualites","9":"tag-allemagne","10":"tag-bundesrepublik-deutschland","11":"tag-de","12":"tag-deutschland","13":"tag-eu","14":"tag-europe","15":"tag-germany","16":"tag-news","17":"tag-republique-federale-dallemagne"},"share_on_mastodon":{"url":"https:\/\/pubeurope.com\/@fr\/114941964063825977","error":""},"_links":{"self":[{"href":"https:\/\/www.europesays.com\/fr\/wp-json\/wp\/v2\/posts\/284189","targetHints":{"allow":["GET"]}}],"collection":[{"href":"https:\/\/www.europesays.com\/fr\/wp-json\/wp\/v2\/posts"}],"about":[{"href":"https:\/\/www.europesays.com\/fr\/wp-json\/wp\/v2\/types\/post"}],"author":[{"embeddable":true,"href":"https:\/\/www.europesays.com\/fr\/wp-json\/wp\/v2\/users\/2"}],"replies":[{"embeddable":true,"href":"https:\/\/www.europesays.com\/fr\/wp-json\/wp\/v2\/comments?post=284189"}],"version-history":[{"count":0,"href":"https:\/\/www.europesays.com\/fr\/wp-json\/wp\/v2\/posts\/284189\/revisions"}],"wp:featuredmedia":[{"embeddable":true,"href":"https:\/\/www.europesays.com\/fr\/wp-json\/wp\/v2\/media\/284190"}],"wp:attachment":[{"href":"https:\/\/www.europesays.com\/fr\/wp-json\/wp\/v2\/media?parent=284189"}],"wp:term":[{"taxonomy":"category","embeddable":true,"href":"https:\/\/www.europesays.com\/fr\/wp-json\/wp\/v2\/categories?post=284189"},{"taxonomy":"post_tag","embeddable":true,"href":"https:\/\/www.europesays.com\/fr\/wp-json\/wp\/v2\/tags?post=284189"}],"curies":[{"name":"wp","href":"https:\/\/api.w.org\/{rel}","templated":true}]}}