{"id":284193,"date":"2025-07-30T11:33:20","date_gmt":"2025-07-30T11:33:20","guid":{"rendered":"https:\/\/www.europesays.com\/fr\/284193\/"},"modified":"2025-07-30T11:33:20","modified_gmt":"2025-07-30T11:33:20","slug":"on-ne-va-pas-le-boire-le-petrole-laccord-ue-trump-fait-tiquer-cette-ministre-le-huffpost","status":"publish","type":"post","link":"https:\/\/www.europesays.com\/fr\/284193\/","title":{"rendered":"\u00ab On ne va pas le boire, le p\u00e9trole \u00bb, l&#039;accord UE-Trump fait tiquer cette ministre &#8211; Le HuffPost"},"content":{"rendered":"<ol>\n<li><a href=\"https:\/\/news.google.com\/rss\/articles\/CBMi-AFBVV95cUxPcE1CTkN2VmpYR2g3bWI1bDhWa1BBREhVdUZUSkZqQmlIZDRyQ0VJU0d2RzJLZ1BPc0NqVENYd0V1a2JVUldrZnNrb29USk9odlJQMS1uS2dSeDJyTTdXNldGZmVZMm93dUpvQlZiMGpwcEhEa3pnOWt4YjJMRmlsR0RxZU5xc2dkU2dUeUlIVi1hUDZZbmU3QmF0STF4WlhTU1lmNFRvMWRVUVZQbjNxUDRpM0NxRDFPYVpyb1hma21zbF9YcGdOS3R6cWJKT3dOTDhrMkQ2OUhDMG5sdUk2TVNRWTMzR3Q5cmJZNXVtaG9MNEMtN3BmcA?oc=5\" target=\"_blank\" rel=\"nofollow noopener\">\u00ab On ne va pas le boire, le p\u00e9trole \u00bb, l&rsquo;accord UE-Trump fait tiquer cette ministre<\/a>&nbsp;&nbsp;Le HuffPost<\/li>\n<li><a href=\"https:\/\/news.google.com\/rss\/articles\/CBMiqAJBVV95cUxNYk0zSkUyYUEwM01zQmNUdnZ2RTZJRFAzZDBJRFlTUjZLQkJrYTRfcm1TN1kwemk3NmN5VzVXWGlVMlpsWjFJNlREMkRpZ1c3TkRYUllwWWFxMkRKSVBESm5tOHFZUUg1VDJTaXljQjgtUVZOS1N0YkpzZG5EcmxjUk9nZng1dFJlcFYyMGpuejJVWVdfdWpkTUdvX3BScmVaOGFVdDU3Uk5YZ1ZmWU4yc1FyOW9DTmJKOTFsUEJTdDlKRzd3MGh2NjNEdDhJa1RvRFJqSFJBTG94MjFnNU5XS2dabndUVGhSa3MyN1ZXR1NVcW5VRmp0MGFKeUNPeTE1S0Y4RFk3cEI1MEo4RTlwYnhfdEdGeFBlYzg3NEl5N0NIQjBzQV80dw?oc=5\" target=\"_blank\" rel=\"nofollow noopener\">Les Europ\u00e9ens prennent 15% de droits de douane et les Am\u00e9ricains moins de 1%: elles sont o\u00f9 les \u00ab\u00a0r\u00e9torsions\u00a0\u00bb et \u00ab\u00a0contreparties\u00a0\u00bb promises depuis des semaines?<\/a>&nbsp;&nbsp;BFMTV<\/li>\n<li><a href=\"https:\/\/news.google.com\/rss\/articles\/CBMi7AFBVV95cUxNVUtvMWRkUEtRVG51VzAtSlZRVmhuMGZTUXJ3ZHoxYU95ZXZqMlU0N3VOQ3hUN2ZNblBnc0RHb05PeGVZa0J2eGFocWdueTJXbWVQNTZsZmFMVC1uVzVOLWpOc3BfVUhzbHpaRmFpQlZjVnR6a01YLVBHZDR4WVdJVC1kVkx3XzdTSS1Dc2VXRXdGMDdVOFYyRGJjbk9NSl9SdDYxQWZSa0R2dXk5bVNqdUx5QjhNWUdlSF9qMi1sdk94N3NwZmZFb1B6enR1YnpBTGR3UXJuQWlIcjYyNEZURFRLdXN4dXZiNTUtbA?oc=5\" target=\"_blank\" rel=\"nofollow noopener\">\u00abLe trait\u00e9 UE-Etats-Unis, un pacte sign\u00e9 dans la pr\u00e9cipitation qui offre \u00e0 Trump un succ\u00e8s politique \u00e0 peu de frais\u00bb<\/a>&nbsp;&nbsp;Le Figaro<\/li>\n<li><a href=\"https:\/\/news.google.com\/rss\/articles\/CBMidkFVX3lxTE1Rd09nSV9uYkpNRmRVUGpNdFJVSlFqMGVOU3RGNVFUMktXOV9tc0k5UnpuMmhqTDdrMEZYM2xqRWpNY0NnUWdCakVZeUNvR1N3MDRfcktwS1dxNnR1aGFFNGVqY0V6aXdKRFBvRzNWeE5lV2hhUnc?oc=5\" target=\"_blank\" rel=\"nofollow noopener\">L\u2019Europe apr\u00e8s le Jour de la D\u00e9pendance<\/a>&nbsp;&nbsp;Le Grand Continent<\/li>\n<li><a href=\"https:\/\/news.google.com\/rss\/articles\/CBMi6gFBVV95cUxObE9zSVNnQWN4anJPNFliNHNmU25GMHI2aVhsMHQwZ0p3UU8zWjdjT2NFOEVYaXJBVVV2UVpZZDg0MVhSU2pRUzZ6eHc4dHNDN3RJQkd4VWl4SEhMTVpjZWluWmF5SDVHd2FNM2IzOHpUdzJjQ0pxd3dsMVpBcEJSdGNfZlFvMUlKZjE4VWExV3c1RWd5eWw4c2pRZ19IMHpqT1BWdHBSNzRvOUxGeGNSRzdQZDAxaWZINGNzNWRNc3V4TTBBamp4VnBFYXFJTTBRV0gtTzBhbjFXSlFobFFVNzBFbldkRWVWYXc?oc=5\" target=\"_blank\" rel=\"nofollow noopener\">Droits de douane : les laboratoires pharmaceutiques toujours plong\u00e9s dans l\u2019expectative<\/a>&nbsp;&nbsp;Le Monde.fr<\/li>\n<\/ol>\n","protected":false},"excerpt":{"rendered":"\u00ab On ne va pas le boire, le p\u00e9trole \u00bb, l&rsquo;accord UE-Trump fait tiquer cette ministre&nbsp;&nbsp;Le HuffPost Les&hellip;\n","protected":false},"author":2,"featured_media":1445,"comment_status":"","ping_status":"","sticky":false,"template":"","format":"standard","meta":{"footnotes":""},"categories":[1586],"tags":[11,1777,674,1779,1011,27,12,25,1778,364],"class_list":{"0":"post-284193","1":"post","2":"type-post","3":"status-publish","4":"format-standard","5":"has-post-thumbnail","7":"category-europe","8":"tag-actualites","9":"tag-eu","10":"tag-europe","11":"tag-european-union","12":"tag-fr","13":"tag-france","14":"tag-news","15":"tag-republique-francaise","16":"tag-ue","17":"tag-union-europeenne"},"share_on_mastodon":{"url":"https:\/\/pubeurope.com\/@fr\/114941971884096708","error":""},"_links":{"self":[{"href":"https:\/\/www.europesays.com\/fr\/wp-json\/wp\/v2\/posts\/284193","targetHints":{"allow":["GET"]}}],"collection":[{"href":"https:\/\/www.europesays.com\/fr\/wp-json\/wp\/v2\/posts"}],"about":[{"href":"https:\/\/www.europesays.com\/fr\/wp-json\/wp\/v2\/types\/post"}],"author":[{"embeddable":true,"href":"https:\/\/www.europesays.com\/fr\/wp-json\/wp\/v2\/users\/2"}],"replies":[{"embeddable":true,"href":"https:\/\/www.europesays.com\/fr\/wp-json\/wp\/v2\/comments?post=284193"}],"version-history":[{"count":0,"href":"https:\/\/www.europesays.com\/fr\/wp-json\/wp\/v2\/posts\/284193\/revisions"}],"wp:featuredmedia":[{"embeddable":true,"href":"https:\/\/www.europesays.com\/fr\/wp-json\/wp\/v2\/media\/1445"}],"wp:attachment":[{"href":"https:\/\/www.europesays.com\/fr\/wp-json\/wp\/v2\/media?parent=284193"}],"wp:term":[{"taxonomy":"category","embeddable":true,"href":"https:\/\/www.europesays.com\/fr\/wp-json\/wp\/v2\/categories?post=284193"},{"taxonomy":"post_tag","embeddable":true,"href":"https:\/\/www.europesays.com\/fr\/wp-json\/wp\/v2\/tags?post=284193"}],"curies":[{"name":"wp","href":"https:\/\/api.w.org\/{rel}","templated":true}]}}