{"id":284198,"date":"2025-07-30T11:36:11","date_gmt":"2025-07-30T11:36:11","guid":{"rendered":"https:\/\/www.europesays.com\/fr\/284198\/"},"modified":"2025-07-30T11:36:11","modified_gmt":"2025-07-30T11:36:11","slug":"quinze-pays-occidentaux-dont-la-france-appellent-les-autres-pays-du-monde-a-exprimer-leur-volonte-de-reconnaitre-la-palestine-liberation","status":"publish","type":"post","link":"https:\/\/www.europesays.com\/fr\/284198\/","title":{"rendered":"Quinze pays occidentaux dont la France appellent les autres pays du monde \u00e0 exprimer leur volont\u00e9 de reconna\u00eetre la Palestine \u2013 Lib\u00e9ration"},"content":{"rendered":"<p class=\"sc-ksZaOG ehjQrN text-element\">La France et 14 pays, dont le Canada et l\u2019Australie, \u00abinvitent\u00bb les pays du monde \u00e0 exprimer leur volont\u00e9 de <a href=\"https:\/\/www.liberation.fr\/international\/moyen-orient\/palestine-un-long-cheminement-vers-la-reconnaissance-20250726_TMZESDMT7JHZDLRMRTP3PL3H5Y\/\" target=\"_blank\" rel=\"noopener\" title=\"https:\/\/www.liberation.fr\/international\/moyen-orient\/palestine-un-long-cheminement-vers-la-reconnaissance-20250726_TMZESDMT7JHZDLRMRTP3PL3H5Y\/\">reconna\u00eetre un Etat de Palestine<\/a>. \u00abA New York avec 14 autres pays, la France lance un appel collectif : nous exprimons notre volont\u00e9 de <a href=\"https:\/\/www.liberation.fr\/idees-et-debats\/elias-sanbar-lannonce-de-la-reconnaissance-de-la-palestine-par-la-france-nest-pas-un-symbole-mais-un-defi-20250726_OREP7GUIMZBGJM3FUIN6G3KGFQ\/\" target=\"_blank\" rel=\"noopener\" title=\"https:\/\/www.liberation.fr\/idees-et-debats\/elias-sanbar-lannonce-de-la-reconnaissance-de-la-palestine-par-la-france-nest-pas-un-symbole-mais-un-defi-20250726_OREP7GUIMZBGJM3FUIN6G3KGFQ\/\">reconna\u00eetre l\u2019Etat de Palestine<\/a> et invitons ceux qui ne l\u2019ont pas encore fait \u00e0 nous rejoindre\u00bb, a \u00e9crit le ministre fran\u00e7ais des Affaires \u00e9trang\u00e8res, Jean-No\u00ebl Barrot sur X, au lendemain de cet \u00abappel de New York\u00bb lanc\u00e9 \u00e0 l\u2019issue d\u2019une conf\u00e9rence minist\u00e9rielle \u00e0 l\u2019ONU pour une solution \u00e0 deux Etats au conflit isra\u00e9lo-palestinien.<\/p>\n<p class=\"sc-ksZaOG ehjQrN text-element\">Outre la France, deux membres du G20, le Canada et l\u2019Australie, font partie de l\u2019appel. Les autres pays signataires sont : Andorre, Finlande, Islande, Irlande, Luxembourg, Malte, Nouvelle-Z\u00e9lande, Norv\u00e8ge, Portugal, Saint-Marin, Slov\u00e9nie et Espagne. Neuf d\u2019entre eux qui n\u2019ont pas pour l\u2019instant reconnu l\u2019Etat palestinien \u00abexpriment la volont\u00e9 ou la consid\u00e9ration positive de leur pays\u00bb \u00e0 le faire : Andorre, Australie, Canada, Finlande, Luxembourg, Malte, Nouvelle-Z\u00e9lande, Portugal et Saint-Marin.<\/p>\n<p class=\"sc-ksZaOG ehjQrN text-element\">Cet appel des 15 pays a \u00e9t\u00e9 lanc\u00e9 publiquement \u00e0 la fin d\u2019une conf\u00e9rence minist\u00e9rielle qui s\u2019est tenue lundi et mardi \u00e0 New York, \u00e0 l\u2019initiative de la France et de l\u2019Arabie Saoudite qui tentent de maintenir en vie la solution \u00e0 deux Etats pour sortir du conflit isra\u00e9lo-palestinien, hypoth\u00e8se malmen\u00e9e par la guerre en cours \u00e0 Gaza et la colonisation en Cisjordanie. Lors de cette conf\u00e9rence, plusieurs pays arabes, dont l\u2019Arabie Saoudite, le Qatar et l\u2019Egypte, ont appel\u00e9 le Hamas \u00e0 remettre ses armes \u00e0 l\u2019Autorit\u00e9 palestinienne.<\/p>\n","protected":false},"excerpt":{"rendered":"La France et 14 pays, dont le Canada et l\u2019Australie, \u00abinvitent\u00bb les pays du monde \u00e0 exprimer leur&hellip;\n","protected":false},"author":2,"featured_media":284199,"comment_status":"","ping_status":"","sticky":false,"template":"","format":"standard","meta":{"footnotes":""},"categories":[4],"tags":[11,5035,574,1011,27,3517,664,3523,12,3521,3518,25],"class_list":{"0":"post-284198","1":"post","2":"type-post","3":"status-publish","4":"format-standard","5":"has-post-thumbnail","7":"category-france","8":"tag-actualites","9":"tag-australie","10":"tag-canada","11":"tag-fr","12":"tag-france","13":"tag-gaza-l-escalade","14":"tag-israel","15":"tag-israel-palestine-conflit","16":"tag-news","17":"tag-onu","18":"tag-palestine","19":"tag-republique-francaise"},"share_on_mastodon":{"url":"https:\/\/pubeurope.com\/@fr\/114941983705356339","error":""},"_links":{"self":[{"href":"https:\/\/www.europesays.com\/fr\/wp-json\/wp\/v2\/posts\/284198","targetHints":{"allow":["GET"]}}],"collection":[{"href":"https:\/\/www.europesays.com\/fr\/wp-json\/wp\/v2\/posts"}],"about":[{"href":"https:\/\/www.europesays.com\/fr\/wp-json\/wp\/v2\/types\/post"}],"author":[{"embeddable":true,"href":"https:\/\/www.europesays.com\/fr\/wp-json\/wp\/v2\/users\/2"}],"replies":[{"embeddable":true,"href":"https:\/\/www.europesays.com\/fr\/wp-json\/wp\/v2\/comments?post=284198"}],"version-history":[{"count":0,"href":"https:\/\/www.europesays.com\/fr\/wp-json\/wp\/v2\/posts\/284198\/revisions"}],"wp:featuredmedia":[{"embeddable":true,"href":"https:\/\/www.europesays.com\/fr\/wp-json\/wp\/v2\/media\/284199"}],"wp:attachment":[{"href":"https:\/\/www.europesays.com\/fr\/wp-json\/wp\/v2\/media?parent=284198"}],"wp:term":[{"taxonomy":"category","embeddable":true,"href":"https:\/\/www.europesays.com\/fr\/wp-json\/wp\/v2\/categories?post=284198"},{"taxonomy":"post_tag","embeddable":true,"href":"https:\/\/www.europesays.com\/fr\/wp-json\/wp\/v2\/tags?post=284198"}],"curies":[{"name":"wp","href":"https:\/\/api.w.org\/{rel}","templated":true}]}}