{"id":28420,"date":"2025-04-16T04:38:17","date_gmt":"2025-04-16T04:38:17","guid":{"rendered":"https:\/\/www.europesays.com\/fr\/28420\/"},"modified":"2025-04-16T04:38:17","modified_gmt":"2025-04-16T04:38:17","slug":"previsions-du-mardi-15-avril-2025-3","status":"publish","type":"post","link":"https:\/\/www.europesays.com\/fr\/28420\/","title":{"rendered":"pr\u00e9visions du mardi 15 avril 2025"},"content":{"rendered":"<p>\u00c0 Montpellier, les valeurs seront de 12\u00b0C au minimum et de 16\u00b0C au plus haut la journ\u00e9e. Dans la matin\u00e9e, de l\u00e9g\u00e8res averses seront probables. Il va faire 15\u00b0C en moyenne. Un vent de sud-est soufflera \u00e0 27 km\/h. Pour l&rsquo;apr\u00e8s-midi, des pluies \u00e9parses vont tomber sur la ville. Les temp\u00e9ratures s&rsquo;\u00e9chelonneront entre 15 et 16\u00b0C. Une brise de sud-ouest soufflera doucement. Le ciel sera assez lumineux, avec quelques \u00e9claircies le soir. On anticipe des valeurs avoisinant 13\u00b0C. Pendant que vous dormirez, dans la nuit de mardi \u00e0 mercredi, le ciel sera clair.<\/p>\n<p>Demain, le soleil sera cach\u00e9 derri\u00e8re des nuages \u00e0 Montpellier, o\u00f9 le temps sera gris. Une chute des temp\u00e9ratures est pr\u00e9vue. Il fera en moyenne 12\u00b0C. Les nuages seront peu \u00e0 peu visibles au cours de la matin\u00e9e. Il est possible qu&rsquo;il y ait de petites averses. Les temp\u00e9ratures seront comprises entre 11 et 13\u00b0C. Un l\u00e9ger vent de nord-ouest soufflera. Demain apr\u00e8s-midi, des nuages ne voudront pas c\u00e9der leur place au soleil. Des pluies \u00e9parses sont attendues. On observera la pr\u00e9sence persistante de nuages demain soir. Les valeurs avoisineront les 11\u00b0C. Un vent de nord soufflera un peu, avec 13 km\/h.<\/p>\n<p>La m\u00e9t\u00e9o des journ\u00e9es qui suivent va s&rsquo;am\u00e9liorer. Il fera 15\u00b0C en moyenne pour des journ\u00e9es avec une m\u00e9t\u00e9o ensoleill\u00e9e.<\/p>\n<p><\/p>\n","protected":false},"excerpt":{"rendered":"\u00c0 Montpellier, les valeurs seront de 12\u00b0C au minimum et de 16\u00b0C au plus haut la journ\u00e9e. Dans&hellip;\n","protected":false},"author":2,"featured_media":28421,"comment_status":"","ping_status":"","sticky":false,"template":"","format":"standard","meta":{"footnotes":""},"categories":[9599],"tags":[1111,11,1777,674,1011,27,7089,2681,2208,12,2680,2119,25],"class_list":{"0":"post-28420","1":"post","2":"type-post","3":"status-publish","4":"format-standard","5":"has-post-thumbnail","7":"category-montpellier","8":"tag-actu","9":"tag-actualites","10":"tag-eu","11":"tag-europe","12":"tag-fr","13":"tag-france","14":"tag-herault","15":"tag-languedoc-roussillon","16":"tag-montpellier","17":"tag-news","18":"tag-occitanie","19":"tag-previsions-meteo","20":"tag-republique-francaise"},"share_on_mastodon":{"url":"https:\/\/pubeurope.com\/@fr\/114345797479036238","error":""},"_links":{"self":[{"href":"https:\/\/www.europesays.com\/fr\/wp-json\/wp\/v2\/posts\/28420","targetHints":{"allow":["GET"]}}],"collection":[{"href":"https:\/\/www.europesays.com\/fr\/wp-json\/wp\/v2\/posts"}],"about":[{"href":"https:\/\/www.europesays.com\/fr\/wp-json\/wp\/v2\/types\/post"}],"author":[{"embeddable":true,"href":"https:\/\/www.europesays.com\/fr\/wp-json\/wp\/v2\/users\/2"}],"replies":[{"embeddable":true,"href":"https:\/\/www.europesays.com\/fr\/wp-json\/wp\/v2\/comments?post=28420"}],"version-history":[{"count":0,"href":"https:\/\/www.europesays.com\/fr\/wp-json\/wp\/v2\/posts\/28420\/revisions"}],"wp:featuredmedia":[{"embeddable":true,"href":"https:\/\/www.europesays.com\/fr\/wp-json\/wp\/v2\/media\/28421"}],"wp:attachment":[{"href":"https:\/\/www.europesays.com\/fr\/wp-json\/wp\/v2\/media?parent=28420"}],"wp:term":[{"taxonomy":"category","embeddable":true,"href":"https:\/\/www.europesays.com\/fr\/wp-json\/wp\/v2\/categories?post=28420"},{"taxonomy":"post_tag","embeddable":true,"href":"https:\/\/www.europesays.com\/fr\/wp-json\/wp\/v2\/tags?post=28420"}],"curies":[{"name":"wp","href":"https:\/\/api.w.org\/{rel}","templated":true}]}}