{"id":284203,"date":"2025-07-30T11:39:11","date_gmt":"2025-07-30T11:39:11","guid":{"rendered":"https:\/\/www.europesays.com\/fr\/284203\/"},"modified":"2025-07-30T11:39:11","modified_gmt":"2025-07-30T11:39:11","slug":"rugby-scapulaire-ben-tameifuna-deuxieme-pilier-de-top-14-pour-midi-olympique","status":"publish","type":"post","link":"https:\/\/www.europesays.com\/fr\/284203\/","title":{"rendered":"Rugby Scapulaire &#8211; Ben Tameifuna deuxi\u00e8me pilier de Top 14 pour Midi Olympique"},"content":{"rendered":"<p>\u00a0<\/p>\n<p>Comme \u00e0 l\u2019issue de chaque saison, la r\u00e9daction de <a href=\"https:\/\/www.rugbyrama.fr\/2025\/07\/17\/top-14-la-revue-de-lelite-les-piliers-jean-baptiste-gros-certifie-label-bleu-ben-tameifuna-envers-et-contre-tout-12829047.php\" rel=\"nofollow noopener\" target=\"_blank\"><br \/>\nMidi Olympique<\/a><br \/>\ndresse sa revue de l\u2019\u00e9lite et fait l\u2019inventaire des meilleurs<br \/>\njoueurs de Top 14 \u00e0 chaque poste. Au poste de pilier, notre<br \/>\ninternational tongien, <strong>Ben Tameifuna<\/strong>, termine \u00e0 la<br \/>\nseconde place, derri\u00e8re le Toulonnais, <strong>Jean-Baptiste<br \/>\nGros<\/strong> :<\/p>\n<blockquote>\n<p>\u201c<strong>Ben Tameifuna<\/strong> n\u2019a pas connu la saison la plus<br \/>\nlin\u00e9aire de sa carri\u00e8re : revenu tardivement en club apr\u00e8s avoir<br \/>\ndisput\u00e9 la Pacific Nations Cup, en dedans sur ses premi\u00e8res<br \/>\nsorties, frapp\u00e9 par un drame familial par la suite, le colosse aux<br \/>\n151 kg est pass\u00e9 par tous les \u00e9tats, sur et en dehors des terrains.<br \/>\nMais \u00e0 l\u2019arriv\u00e9e, il a r\u00e9pondu pr\u00e9sent dans les moments les plus<br \/>\nimportants de la saison. Ses entr\u00e9es en jeu en demie et en finale<br \/>\nde Champions Cup ont notamment \u00e9t\u00e9 d\u00e9terminantes. Face \u00e0 Toulouse,<br \/>\nil avait amen\u00e9 sa pr\u00e9sence dans le jeu au sol, parvenant \u00e0 poser<br \/>\nles mains bien souvent sur le ballon et inscrivant l\u2019essai de la<br \/>\nd\u00e9livrance. Sa demi-finale de Top 14 avait \u00e9t\u00e9 du m\u00eame acabit avec<br \/>\nun d\u00e9but de match tonitruant, des courses avec ballon d\u00e9tonantes et<br \/>\ndes interventions d\u00e9cisives dans le jeu au sol. S\u2019il n\u2019est pas<br \/>\nparvenu, avec ses partenaires, \u00e0 prendre le meilleur sur le pack<br \/>\ntoulousain en finale, le Tonguien a prouv\u00e9 qu\u2019il restait, \u00e0 bient\u00f4t<br \/>\n34 ans, un des meilleurs droitiers du Top 14. Et, donc, du<br \/>\nmonde\u201d.<\/p>\n<\/blockquote>\n<p>\u00a0<\/p>\n","protected":false},"excerpt":{"rendered":"\u00a0 Comme \u00e0 l\u2019issue de chaque saison, la r\u00e9daction de Midi Olympique dresse sa revue de l\u2019\u00e9lite et&hellip;\n","protected":false},"author":2,"featured_media":214956,"comment_status":"","ping_status":"","sticky":false,"template":"","format":"standard","meta":{"footnotes":""},"categories":[1416],"tags":[1011,27,479,1468,60],"class_list":{"0":"post-284203","1":"post","2":"type-post","3":"status-publish","4":"format-standard","5":"has-post-thumbnail","7":"category-rugby","8":"tag-fr","9":"tag-france","10":"tag-rugby","11":"tag-rugby-football","12":"tag-sports"},"share_on_mastodon":{"url":"https:\/\/pubeurope.com\/@fr\/114941995541285267","error":""},"_links":{"self":[{"href":"https:\/\/www.europesays.com\/fr\/wp-json\/wp\/v2\/posts\/284203","targetHints":{"allow":["GET"]}}],"collection":[{"href":"https:\/\/www.europesays.com\/fr\/wp-json\/wp\/v2\/posts"}],"about":[{"href":"https:\/\/www.europesays.com\/fr\/wp-json\/wp\/v2\/types\/post"}],"author":[{"embeddable":true,"href":"https:\/\/www.europesays.com\/fr\/wp-json\/wp\/v2\/users\/2"}],"replies":[{"embeddable":true,"href":"https:\/\/www.europesays.com\/fr\/wp-json\/wp\/v2\/comments?post=284203"}],"version-history":[{"count":0,"href":"https:\/\/www.europesays.com\/fr\/wp-json\/wp\/v2\/posts\/284203\/revisions"}],"wp:featuredmedia":[{"embeddable":true,"href":"https:\/\/www.europesays.com\/fr\/wp-json\/wp\/v2\/media\/214956"}],"wp:attachment":[{"href":"https:\/\/www.europesays.com\/fr\/wp-json\/wp\/v2\/media?parent=284203"}],"wp:term":[{"taxonomy":"category","embeddable":true,"href":"https:\/\/www.europesays.com\/fr\/wp-json\/wp\/v2\/categories?post=284203"},{"taxonomy":"post_tag","embeddable":true,"href":"https:\/\/www.europesays.com\/fr\/wp-json\/wp\/v2\/tags?post=284203"}],"curies":[{"name":"wp","href":"https:\/\/api.w.org\/{rel}","templated":true}]}}