{"id":284204,"date":"2025-07-30T11:40:12","date_gmt":"2025-07-30T11:40:12","guid":{"rendered":"https:\/\/www.europesays.com\/fr\/284204\/"},"modified":"2025-07-30T11:40:12","modified_gmt":"2025-07-30T11:40:12","slug":"atp-montreal-coco-gauff-signe-un-vrai-exploit-en-realisant-la-bagatelle-de-23-double-fautes","status":"publish","type":"post","link":"https:\/\/www.europesays.com\/fr\/284204\/","title":{"rendered":"ATP &#8211; Montr\u00e9al > Coco Gauff signe un vrai exploit en r\u00e9alisant la bagatelle de 23 double-fautes&#8230;."},"content":{"rendered":"<p>On savait que son duel face \u00e0 Collins allait \u00eatre compliqu\u00e9 mais on ne pensait pas que l\u2019Am\u00e9ricaine allait se mettre toute seule dans l\u2019embarras. <\/p>\n<blockquote class=\"twitter-tweet\">\n<p lang=\"fr\" dir=\"ltr\">\ud83d\udcca Face \u00e0 Danielle Collins, Coco Gauff \ud83c\uddfa\ud83c\uddf8 a commis 23 doubles fautes (soit 43% de ses 2es services). Son nouveau record personnel\u00a0:<br \/>\ud83c\udd95 23 vs Collins (Montreal 2025) \u2705<br \/>\u25aa\ufe0f 21 vs Uchijima (Indian Wells 2025) \u2705<br \/>\u25aa\ufe0f 21 vs Sabalenka (Wuhan 2024) \u274c<a href=\"https:\/\/t.co\/VqWczgoNHR\" data-wpel-link=\"external\" target=\"_blank\" rel=\"nofollow external noopener\">pic.twitter.com\/VqWczgoNHR<\/a><\/p>\n<p>\u2014 Jeu, Set et Maths (@JeuSetMaths) <a href=\"https:\/\/twitter.com\/JeuSetMaths\/status\/1950447583576662504?ref_src=twsrc%5Etfw\" data-wpel-link=\"external\" target=\"_blank\" rel=\"nofollow external noopener\">July 30,\u00a02025<\/a><\/p><\/blockquote>\n<p>Et pour\u00adtant cela a \u00e9t\u00e9 le cas puisque Coco Gauff a commis 23 double fautes lors de cette rencontre, un record dans le\u00a0genre.<\/p>\n<blockquote class=\"twitter-tweet\">\n<p lang=\"en\" dir=\"ltr\">Coco Gauff\u2019s 23 double faults tonight in Montreal are the most at WTA level since Anastasia Pavlyuchenkova in Baku\u00a02011<\/p>\n<p>\u2014 Bastien Fachan (@BastienFachan) <a href=\"https:\/\/twitter.com\/BastienFachan\/status\/1950373872077066416?ref_src=twsrc%5Etfw\" data-wpel-link=\"external\" target=\"_blank\" rel=\"nofollow external noopener\">July 30,\u00a02025<\/a><\/p><\/blockquote>\n<p>Au final, elle s\u2019im\u00adpose en trois manches mais cela ressemble \u00e0 un petit miracle\u00a0: 7\u20135, 4\u20136, 7\u20136.<\/p>\n<p class=\"post-published-date\" style=\"color: silver; font-size: 75%; text-align: left;\">Publi\u00e9 le mercredi 30 juillet 2025 \u00e0 10:04<\/p>\n<p><script async src=\"https:\/\/platform.twitter.com\/widgets.js\" charset=\"utf-8\"><\/script><\/p>\n","protected":false},"excerpt":{"rendered":"On savait que son duel face \u00e0 Collins allait \u00eatre compliqu\u00e9 mais on ne pensait pas que l\u2019Am\u00e9ricaine&hellip;\n","protected":false},"author":2,"featured_media":154390,"comment_status":"","ping_status":"","sticky":false,"template":"","format":"standard","meta":{"footnotes":""},"categories":[1415],"tags":[7615,1011,27,60,1467],"class_list":{"0":"post-284204","1":"post","2":"type-post","3":"status-publish","4":"format-standard","5":"has-post-thumbnail","7":"category-tennis","8":"tag-aryna-sabalenka","9":"tag-fr","10":"tag-france","11":"tag-sports","12":"tag-tennis"},"share_on_mastodon":{"url":"https:\/\/pubeurope.com\/@fr\/114941999471854989","error":""},"_links":{"self":[{"href":"https:\/\/www.europesays.com\/fr\/wp-json\/wp\/v2\/posts\/284204","targetHints":{"allow":["GET"]}}],"collection":[{"href":"https:\/\/www.europesays.com\/fr\/wp-json\/wp\/v2\/posts"}],"about":[{"href":"https:\/\/www.europesays.com\/fr\/wp-json\/wp\/v2\/types\/post"}],"author":[{"embeddable":true,"href":"https:\/\/www.europesays.com\/fr\/wp-json\/wp\/v2\/users\/2"}],"replies":[{"embeddable":true,"href":"https:\/\/www.europesays.com\/fr\/wp-json\/wp\/v2\/comments?post=284204"}],"version-history":[{"count":0,"href":"https:\/\/www.europesays.com\/fr\/wp-json\/wp\/v2\/posts\/284204\/revisions"}],"wp:featuredmedia":[{"embeddable":true,"href":"https:\/\/www.europesays.com\/fr\/wp-json\/wp\/v2\/media\/154390"}],"wp:attachment":[{"href":"https:\/\/www.europesays.com\/fr\/wp-json\/wp\/v2\/media?parent=284204"}],"wp:term":[{"taxonomy":"category","embeddable":true,"href":"https:\/\/www.europesays.com\/fr\/wp-json\/wp\/v2\/categories?post=284204"},{"taxonomy":"post_tag","embeddable":true,"href":"https:\/\/www.europesays.com\/fr\/wp-json\/wp\/v2\/tags?post=284204"}],"curies":[{"name":"wp","href":"https:\/\/api.w.org\/{rel}","templated":true}]}}