{"id":284205,"date":"2025-07-30T11:41:14","date_gmt":"2025-07-30T11:41:14","guid":{"rendered":"https:\/\/www.europesays.com\/fr\/284205\/"},"modified":"2025-07-30T11:41:14","modified_gmt":"2025-07-30T11:41:14","slug":"quel-programme-bleu-vers-le-du-mondial-2027","status":"publish","type":"post","link":"https:\/\/www.europesays.com\/fr\/284205\/","title":{"rendered":"quel programme bleu vers le du Mondial 2027 ?"},"content":{"rendered":"<p><b>La F\u00e9d\u00e9ration Fran\u00e7aise de Basket-Ball (FFBB) a lev\u00e9 le voile sur les villes h\u00f4tes des premiers matchs de l\u2019\u00c9quipe de France masculine, dans le cadre des qualifications \u00e0 la Coupe du Monde 2027.<\/b><\/p>\n<p>Apr\u00e8s l\u2019EuroBasket, qui se d\u00e9roulera du 27 ao\u00fbt au 14 septembre,<strong><a href=\"https:\/\/www.sportmag.fr\/basket-la-ffbb-ouvre-les-portes-de-son-musee-au-public\/\" rel=\"nofollow noopener\" target=\"_blank\"> l\u2019\u00c9quipe de France masculine de basket<\/a> <\/strong>aura en ligne de mire la Coupe du Monde 2027, qui se tiendra au Qatar pratiquement sur les m\u00eames dates (27 ao\u00fbt-12 septembre). D\u2019ici l\u00e0, un long chemin attend les hommes de Fr\u00e9d\u00e9ric Fauthoux, avec une premi\u00e8re phase de qualifications r\u00e9partie sur six rencontres, entre novembre 2025 et juillet 2026.\u00a0<\/p>\n<p align=\"JUSTIFY\"><a href=\"https:\/\/www.sportmag.fr\/abonnement\/\" rel=\"nofollow noopener\" target=\"_blank\"><img loading=\"lazy\" decoding=\"async\" class=\"size-medium wp-image-162612 alignleft\" src=\"data:image\/svg+xml,%3Csvg%20xmlns=\" http:=\"\" data-lazy- data-lazy- alt=\"\" width=\"212\" height=\"300\" data-pin-no-hover=\"true\" data-lazy-src=\"https:\/\/www.europesays.com\/fr\/wp-content\/uploads\/2025\/07\/PUB-MAG-JUILLET-AOUT-212x300.jpg\"\/><\/a><\/p>\n<p><strong>Destination Rouen, Le Mans et Pau\u00a0<\/strong><\/p>\n<p>Dans leur groupe G, les Bleus retrouveront la Belgique, la Finlande et une troisi\u00e8me nation qui reste \u00e0 d\u00e9terminer \u00e0 l\u2019issue des pr\u00e9-qualifications (Mac\u00e9doine du Nord, Hongrie ou Roumanie). Objectif : terminer dans les trois premiers pour rejoindre la seconde phase, qui se d\u00e9roulera d\u2019ao\u00fbt 2026 \u00e0 f\u00e9vrier 2027.<\/p>\n<p>Trois rencontres seront disput\u00e9es \u00e0 domicile, et la FFBB a donc officialis\u00e9 ce mardi les trois enceintes fran\u00e7aises qui les accueilleront. Le premier rendez-vous est fix\u00e9 au 28 novembre \u00e0 Rouen (Seine-Maritime), pour un duel face \u00e0 la Belgique. Les tricolores se rendront ensuite au Mans (Sarthe), le 1er mars 2026, pour y affronter le vainqueur du barrage encore inconnu. Enfin, les supporters du Sud-Ouest auront droit \u00e0 un dernier acte de cette premi\u00e8re phase \u00e0 Pau (Pyr\u00e9n\u00e9es-Atlantiques), le 6 juillet contre la Finlande.<\/p>\n<p><b>Un soutien r\u00e9gional essentiel<\/b><\/p>\n<p>En s\u2019appuyant sur des villes comme Rouen, Le Mans ou Pau, la F\u00e9d\u00e9ration confirme sa volont\u00e9 de renforcer l\u2019ancrage du basket fran\u00e7ais sur l\u2019ensemble du territoire. Ces \u00e9tapes r\u00e9gionales sont l\u2019occasion pour les fans de voir de pr\u00e8s leurs idoles, mais aussi pour les Bleus de compter sur un public fervent, essentiel dans une campagne de qualification exigeante.<\/p>\n<p>Ces trois rencontres seront en effet cruciales pour poser les bases d\u2019un parcours r\u00e9ussi vers le Mondial 2027. Dans un contexte o\u00f9 chaque point compte \u2013 les r\u00e9sultats \u00e9tant conserv\u00e9s en deuxi\u00e8me phase \u2013 les hommes de Fauthoux n\u2019auront pas droit \u00e0 l\u2019erreur. Et les supporters, quant \u00e0 eux, ont d\u00e9j\u00e0 trois dates \u00e0 cocher dans leur calendrier.<\/p>\n","protected":false},"excerpt":{"rendered":"La F\u00e9d\u00e9ration Fran\u00e7aise de Basket-Ball (FFBB) a lev\u00e9 le voile sur les villes h\u00f4tes des premiers matchs de&hellip;\n","protected":false},"author":2,"featured_media":284206,"comment_status":"","ping_status":"","sticky":false,"template":"","format":"standard","meta":{"footnotes":""},"categories":[1414],"tags":[1465,1464,1011,27,60],"class_list":{"0":"post-284205","1":"post","2":"type-post","3":"status-publish","4":"format-standard","5":"has-post-thumbnail","7":"category-basket","8":"tag-basket","9":"tag-basketball","10":"tag-fr","11":"tag-france","12":"tag-sports"},"share_on_mastodon":{"url":"https:\/\/pubeurope.com\/@fr\/114942003506210361","error":""},"_links":{"self":[{"href":"https:\/\/www.europesays.com\/fr\/wp-json\/wp\/v2\/posts\/284205","targetHints":{"allow":["GET"]}}],"collection":[{"href":"https:\/\/www.europesays.com\/fr\/wp-json\/wp\/v2\/posts"}],"about":[{"href":"https:\/\/www.europesays.com\/fr\/wp-json\/wp\/v2\/types\/post"}],"author":[{"embeddable":true,"href":"https:\/\/www.europesays.com\/fr\/wp-json\/wp\/v2\/users\/2"}],"replies":[{"embeddable":true,"href":"https:\/\/www.europesays.com\/fr\/wp-json\/wp\/v2\/comments?post=284205"}],"version-history":[{"count":0,"href":"https:\/\/www.europesays.com\/fr\/wp-json\/wp\/v2\/posts\/284205\/revisions"}],"wp:featuredmedia":[{"embeddable":true,"href":"https:\/\/www.europesays.com\/fr\/wp-json\/wp\/v2\/media\/284206"}],"wp:attachment":[{"href":"https:\/\/www.europesays.com\/fr\/wp-json\/wp\/v2\/media?parent=284205"}],"wp:term":[{"taxonomy":"category","embeddable":true,"href":"https:\/\/www.europesays.com\/fr\/wp-json\/wp\/v2\/categories?post=284205"},{"taxonomy":"post_tag","embeddable":true,"href":"https:\/\/www.europesays.com\/fr\/wp-json\/wp\/v2\/tags?post=284205"}],"curies":[{"name":"wp","href":"https:\/\/api.w.org\/{rel}","templated":true}]}}