{"id":284207,"date":"2025-07-30T11:42:14","date_gmt":"2025-07-30T11:42:14","guid":{"rendered":"https:\/\/www.europesays.com\/fr\/284207\/"},"modified":"2025-07-30T11:42:14","modified_gmt":"2025-07-30T11:42:14","slug":"batailles-au-mugello-a-jerez-et-ailleurs","status":"publish","type":"post","link":"https:\/\/www.europesays.com\/fr\/284207\/","title":{"rendered":"batailles au Mugello, \u00e0 Jerez et ailleurs"},"content":{"rendered":"<p>C&rsquo;est la pause estivale en MotoGP\u2122 ! Pendant cette accalmie sur les circuits, quel meilleur moment pour revenir sur certains temps forts des 12 premi\u00e8res manches de la saison 2025 ?<\/p>\n<p>Premier arr\u00eat : le <a href=\"https:\/\/www.motogp.com\/fr\/videos\/2025\/06\/22\/marquez-vs-marquez-vs-bagnaia-motogp-at-its-very-best-in-italy\/752729\" rel=\"nofollow noopener\" target=\"_blank\">Mugello<\/a>. La bagarre en t\u00eate dans les premiers tours de course entre Francesco Bagnaia (Ducati Lenovo Team), son co\u00e9quipier Marc M\u00e1rquez (Ducati Lenovo Team) et Alex M\u00e1rquez (BK8 Gresini Racing MotoGP\u2122) \u00e9tait tout simplement exceptionnelle. Typiquement ce qu&rsquo;on adore voir en MotoGP\u2122.<\/p>\n<p>Lors du <a href=\"https:\/\/www.motogp.com\/fr\/videos\/2025\/04\/27\/elbows-out-bagnaia-and-marc-marquez-trade-blows-in-incredible-opening-lap\/747177\" rel=\"nofollow noopener\" target=\"_blank\">Grand Prix d&rsquo;Espagne<\/a>, on a eu droit \u00e0 un premier tour m\u00e9morable le dimanche apr\u00e8s-midi. Fabio Quartararo (Monster Energy Yamaha MotoGP\u2122) n&rsquo;avait aucune id\u00e9e de la bataille qui faisait rage derri\u00e8re lui entre Marc M\u00e1rquez et Pecco Bagnaia, les deux hommes se battant pour revenir dans la roue du Fran\u00e7ais sous le soleil de Jerez.<\/p>\n<p>Et que dire du premier tour de la <a href=\"https:\/\/www.motogp.com\/fr\/videos\/2025\/03\/29\/full-first-lap-marc-vs-pecco-vs-alex-fireworks-on-lap-1-of-cota-sprint\/522650\" rel=\"nofollow noopener\" target=\"_blank\">Tissot Sprint du Grand Prix des Am\u00e9riques<\/a>\u00a0? Ce combat entre le n\u00b093, le n\u00b063 et le n\u00b073 marqu\u00e9 par cette frayeur pour Marc M\u00e1rquez dans le dernier secteur. Un v\u00e9ritable spectacle au COTA.<\/p>\n<p>Au <a href=\"https:\/\/www.motogp.com\/fr\/videos\/2025\/05\/25\/last-lap-podium-battle-goes-down-to-the-wire-in-silverstone-stunner\/750622\" rel=\"nofollow noopener\" target=\"_blank\">Grand Prix de Grande-Bretagne<\/a>, la lutte pour le podium s&rsquo;est jou\u00e9e jusqu&rsquo;au bout. Marco Bezzecchi (Aprilia Racing) et Johann Zarco (CASTROL Honda LCR) \u00e9taient confortablement install\u00e9s en premi\u00e8re et deuxi\u00e8me positions mais tout restait \u00e0 faire entre Franco Morbidelli (Pertamina Enduro VR46 Racing Team) et Marc M\u00e1rquez pour la troisi\u00e8me place. Quatre d\u00e9passements, un tour et finalement 17 milli\u00e8mes d&rsquo;\u00e9cart \u00e0 l&rsquo;arriv\u00e9e en faveur du pilote espagnol.<\/p>\n<p>Plus r\u00e9cemment, lors d&rsquo;un <a href=\"https:\/\/www.motogp.com\/fr\/videos\/2025\/07\/12\/last-lap-marc-marquez-hunts-down-bezzecchi-in-thrilling-sprint-win\/754222\" rel=\"nofollow noopener\" target=\"_blank\">samedi apr\u00e8s-midi pluvieux au Sachsenring<\/a>, on a pu assister \u00e0 un d\u00e9passement dans le dernier tour pour la m\u00e9daille d&rsquo;or. En t\u00eate toute la course, Marco Bezzecchi s&rsquo;est fait surprendre par Marc M\u00e1rquez au virage 1 et a finalement d\u00fb se contenter de la deuxi\u00e8me place.<\/p>\n","protected":false},"excerpt":{"rendered":"C&rsquo;est la pause estivale en MotoGP\u2122 ! Pendant cette accalmie sur les circuits, quel meilleur moment pour revenir&hellip;\n","protected":false},"author":2,"featured_media":284208,"comment_status":"","ping_status":"","sticky":false,"template":"","format":"standard","meta":{"footnotes":""},"categories":[1413],"tags":[1011,27,1457,1456,60,2032],"class_list":{"0":"post-284207","1":"post","2":"type-post","3":"status-publish","4":"format-standard","5":"has-post-thumbnail","7":"category-moto","8":"tag-fr","9":"tag-france","10":"tag-moto","11":"tag-motocycle","12":"tag-sports","13":"tag-text"},"share_on_mastodon":{"url":"https:\/\/pubeurope.com\/@fr\/114942007384816225","error":""},"_links":{"self":[{"href":"https:\/\/www.europesays.com\/fr\/wp-json\/wp\/v2\/posts\/284207","targetHints":{"allow":["GET"]}}],"collection":[{"href":"https:\/\/www.europesays.com\/fr\/wp-json\/wp\/v2\/posts"}],"about":[{"href":"https:\/\/www.europesays.com\/fr\/wp-json\/wp\/v2\/types\/post"}],"author":[{"embeddable":true,"href":"https:\/\/www.europesays.com\/fr\/wp-json\/wp\/v2\/users\/2"}],"replies":[{"embeddable":true,"href":"https:\/\/www.europesays.com\/fr\/wp-json\/wp\/v2\/comments?post=284207"}],"version-history":[{"count":0,"href":"https:\/\/www.europesays.com\/fr\/wp-json\/wp\/v2\/posts\/284207\/revisions"}],"wp:featuredmedia":[{"embeddable":true,"href":"https:\/\/www.europesays.com\/fr\/wp-json\/wp\/v2\/media\/284208"}],"wp:attachment":[{"href":"https:\/\/www.europesays.com\/fr\/wp-json\/wp\/v2\/media?parent=284207"}],"wp:term":[{"taxonomy":"category","embeddable":true,"href":"https:\/\/www.europesays.com\/fr\/wp-json\/wp\/v2\/categories?post=284207"},{"taxonomy":"post_tag","embeddable":true,"href":"https:\/\/www.europesays.com\/fr\/wp-json\/wp\/v2\/tags?post=284207"}],"curies":[{"name":"wp","href":"https:\/\/api.w.org\/{rel}","templated":true}]}}