{"id":284211,"date":"2025-07-30T11:44:11","date_gmt":"2025-07-30T11:44:11","guid":{"rendered":"https:\/\/www.europesays.com\/fr\/284211\/"},"modified":"2025-07-30T11:44:11","modified_gmt":"2025-07-30T11:44:11","slug":"dangereux-de-se-consacrer-a-100-au-velo-ces-coureuses-du-tour-qui-travaillent-ou-etudient-en-parallele","status":"publish","type":"post","link":"https:\/\/www.europesays.com\/fr\/284211\/","title":{"rendered":"\u00ab\u00a0Dangereux de se consacrer \u00e0 100\u00a0% au v\u00e9lo\u00a0\u00bb\u00a0: ces coureuses du Tour qui travaillent ou \u00e9tudient en parall\u00e8le"},"content":{"rendered":"<p class=\"paragraph text_align_left lp-f-body-02\">Il faut toutefois le reconna\u00eetre d\u2019embl\u00e9e, elles sont de moins en moins. Avec un niveau qui augmente et des sessions d\u2019entra\u00eenement qui s\u2019intensifient, la majorit\u00e9 du peloton consacre d\u00e9sormais 100 % de son quotidien au v\u00e9lo. \u00ab On a un emploi du temps hyperchangeant donc \u00eatre en pr\u00e9sentiel est devenu tr\u00e8s compliqu\u00e9. Il y a trois ans, c\u2019\u00e9tait possible mais maintenant, il y a plus de stages, plus de courses, c\u2019est difficile de suivre le rythme \u00bb, assure <a href=\"https:\/\/www.leparisien.fr\/sports\/cyclisme\/tour-de-france-feminin\/tour-de-france-femmes-la-liste-officielle-des-coureuses-engagees-avec-leur-numero-de-dossard-26-07-2025-M2DLOOI2ZJDTJNQYBRAKNZSPF4.php\" target=\"_blank\" rel=\"noreferrer noopener\">C\u00e9lia Le Mou\u00ebl<\/a>.<\/p>\n","protected":false},"excerpt":{"rendered":"Il faut toutefois le reconna\u00eetre d\u2019embl\u00e9e, elles sont de moins en moins. Avec un niveau qui augmente et&hellip;\n","protected":false},"author":2,"featured_media":284212,"comment_status":"","ping_status":"","sticky":false,"template":"","format":"standard","meta":{"footnotes":""},"categories":[1411],"tags":[1154,207,1011,27,60,26588],"class_list":{"0":"post-284211","1":"post","2":"type-post","3":"status-publish","4":"format-standard","5":"has-post-thumbnail","7":"category-cyclisme","8":"tag-cycling","9":"tag-cyclisme","10":"tag-fr","11":"tag-france","12":"tag-sports","13":"tag-tour-de-france-feminin"},"share_on_mastodon":{"url":"https:\/\/pubeurope.com\/@fr\/114942015189624919","error":""},"_links":{"self":[{"href":"https:\/\/www.europesays.com\/fr\/wp-json\/wp\/v2\/posts\/284211","targetHints":{"allow":["GET"]}}],"collection":[{"href":"https:\/\/www.europesays.com\/fr\/wp-json\/wp\/v2\/posts"}],"about":[{"href":"https:\/\/www.europesays.com\/fr\/wp-json\/wp\/v2\/types\/post"}],"author":[{"embeddable":true,"href":"https:\/\/www.europesays.com\/fr\/wp-json\/wp\/v2\/users\/2"}],"replies":[{"embeddable":true,"href":"https:\/\/www.europesays.com\/fr\/wp-json\/wp\/v2\/comments?post=284211"}],"version-history":[{"count":0,"href":"https:\/\/www.europesays.com\/fr\/wp-json\/wp\/v2\/posts\/284211\/revisions"}],"wp:featuredmedia":[{"embeddable":true,"href":"https:\/\/www.europesays.com\/fr\/wp-json\/wp\/v2\/media\/284212"}],"wp:attachment":[{"href":"https:\/\/www.europesays.com\/fr\/wp-json\/wp\/v2\/media?parent=284211"}],"wp:term":[{"taxonomy":"category","embeddable":true,"href":"https:\/\/www.europesays.com\/fr\/wp-json\/wp\/v2\/categories?post=284211"},{"taxonomy":"post_tag","embeddable":true,"href":"https:\/\/www.europesays.com\/fr\/wp-json\/wp\/v2\/tags?post=284211"}],"curies":[{"name":"wp","href":"https:\/\/api.w.org\/{rel}","templated":true}]}}