{"id":284213,"date":"2025-07-30T11:45:14","date_gmt":"2025-07-30T11:45:14","guid":{"rendered":"https:\/\/www.europesays.com\/fr\/284213\/"},"modified":"2025-07-30T11:45:14","modified_gmt":"2025-07-30T11:45:14","slug":"ol-les-joueurs-a-surveiller-cote-espagnol","status":"publish","type":"post","link":"https:\/\/www.europesays.com\/fr\/284213\/","title":{"rendered":"OL : les joueurs \u00e0 surveiller c\u00f4t\u00e9 espagnol"},"content":{"rendered":"<p>                            <img width=\"770\" height=\"433\" src=\"https:\/\/www.europesays.com\/fr\/wp-content\/uploads\/2025\/07\/AFP__20250412__2209886486__v3__HighRes__RealSociedadVRcdMallorcaLaLigaEaSports-770x433.jpg\" class=\"attachment-article size-article wp-post-image\" alt=\"Les joueurs de Majorque contre l'Espanyol Barcelone\" decoding=\"async\" fetchpriority=\"high\"  \/><\/p>\n<p>Les joueurs de Majorque contre l\u2019Espanyol Barcelone (Photo by Juan Manuel Serrano Arce \/ GETTY IMAGES EUROPE \/ Getty Images via AFP)<\/p>\n<p>Avant le match amical entre l\u2019Olympique Lyonnais et le RCD Majorque ce mercredi 30 juillet, focus sur les joueurs du club espagnol susceptibles de poser probl\u00e8me \u00e0 l\u2019OL.<\/p>\n<p>Apr\u00e8s un club de National, un club de D2 belge et un promu en Bundesliga, l&rsquo;OL monte le curseur avec le 10e de Liga et le <strong>RCD Majorque<\/strong>, ce mercredi 30 juillet. Dans le secteur offensif, l\u2019homme fort \u00e0 surveiller est Cyle <strong>Larin<\/strong>. L\u2019attaquant canadien de 30 ans, pass\u00e9 par <strong>Valladolid<\/strong> et <strong>Bruges<\/strong>, a inscrit sept buts et d\u00e9livr\u00e9 deux passes d\u00e9cisives la saison derni\u00e8re. Sa puissance et son sens du placement en font une menace constante pour les d\u00e9fenses adverses. Il sera le principal point d\u2019ancrage de l\u2019attaque majorquine. Autre profil int\u00e9ressant : Vedat <strong>Muriqi<\/strong>, l\u2019avant-centre kosovar, souvent utilis\u00e9 comme joker offensif. Sa taille et sa capacit\u00e9 \u00e0 jouer dos au but pourraient peser dans les duels.<\/p>\n<p>Un socle exp\u00e9riment\u00e9 au milieu et en d\u00e9fense<\/p>\n<p>Dans l\u2019entrejeu, Dani <strong>Rodriguez<\/strong>, v\u00e9t\u00e9ran de 36 ans, conserve un r\u00f4le de meneur d\u2019\u00e9quilibre. Capable de frapper de loin et pr\u00e9cieux dans la transition, il reste un cadre, tout comme Sergi <strong>Darder<\/strong>. Les fans lyonnais auront forc\u00e9ment l&rsquo;oeil sur l&rsquo;ancien milieu pour juger son \u00e9volution depuis son d\u00e9part en 2017 du c\u00f4t\u00e9 de l&rsquo;<strong>Espanyol Barcelone<\/strong>. <\/p>\n<p>Derri\u00e8re, Martin <strong>Valjent<\/strong> sera \u00e0 surveiller : le d\u00e9fenseur central slovaque, apporte une solidit\u00e9 pr\u00e9cieuse et une lecture du jeu aff\u00fbt\u00e9e. Son exp\u00e9rience sera essentielle pour contenir les offensives lyonnaises. Enfin, attention \u00e0 Lucas <strong>Bergstrom<\/strong>, tout jeune gardien finlandais (22 ans, 2,05 m), arriv\u00e9 de <strong>Chelsea<\/strong> cet \u00e9t\u00e9 : il pourrait faire ses d\u00e9buts face \u00e0 l\u2019OL alors que Dominik <strong>Grief<\/strong>, le titulaire de la saison pass\u00e9e serait dans les<a href=\"https:\/\/www.olympique-et-lyonnais.com\/mercato-le-gardien-de-majorque-dans-la-short-list-de-lol,373170.html\" rel=\"nofollow noopener\" target=\"_blank\"> petits papiers lyonnais<\/a>.<\/p>\n","protected":false},"excerpt":{"rendered":"Les joueurs de Majorque contre l\u2019Espanyol Barcelone (Photo by Juan Manuel Serrano Arce \/ GETTY IMAGES EUROPE \/&hellip;\n","protected":false},"author":2,"featured_media":284214,"comment_status":"","ping_status":"","sticky":false,"template":"","format":"standard","meta":{"footnotes":""},"categories":[1410],"tags":[63,1011,27,978,42333,60],"class_list":{"0":"post-284213","1":"post","2":"type-post","3":"status-publish","4":"format-standard","5":"has-post-thumbnail","7":"category-football","8":"tag-football","9":"tag-fr","10":"tag-france","11":"tag-olympique-lyonnais","12":"tag-presaison","13":"tag-sports"},"share_on_mastodon":{"url":"https:\/\/pubeurope.com\/@fr\/114942019515179401","error":""},"_links":{"self":[{"href":"https:\/\/www.europesays.com\/fr\/wp-json\/wp\/v2\/posts\/284213","targetHints":{"allow":["GET"]}}],"collection":[{"href":"https:\/\/www.europesays.com\/fr\/wp-json\/wp\/v2\/posts"}],"about":[{"href":"https:\/\/www.europesays.com\/fr\/wp-json\/wp\/v2\/types\/post"}],"author":[{"embeddable":true,"href":"https:\/\/www.europesays.com\/fr\/wp-json\/wp\/v2\/users\/2"}],"replies":[{"embeddable":true,"href":"https:\/\/www.europesays.com\/fr\/wp-json\/wp\/v2\/comments?post=284213"}],"version-history":[{"count":0,"href":"https:\/\/www.europesays.com\/fr\/wp-json\/wp\/v2\/posts\/284213\/revisions"}],"wp:featuredmedia":[{"embeddable":true,"href":"https:\/\/www.europesays.com\/fr\/wp-json\/wp\/v2\/media\/284214"}],"wp:attachment":[{"href":"https:\/\/www.europesays.com\/fr\/wp-json\/wp\/v2\/media?parent=284213"}],"wp:term":[{"taxonomy":"category","embeddable":true,"href":"https:\/\/www.europesays.com\/fr\/wp-json\/wp\/v2\/categories?post=284213"},{"taxonomy":"post_tag","embeddable":true,"href":"https:\/\/www.europesays.com\/fr\/wp-json\/wp\/v2\/tags?post=284213"}],"curies":[{"name":"wp","href":"https:\/\/api.w.org\/{rel}","templated":true}]}}