{"id":284215,"date":"2025-07-30T11:46:11","date_gmt":"2025-07-30T11:46:11","guid":{"rendered":"https:\/\/www.europesays.com\/fr\/284215\/"},"modified":"2025-07-30T11:46:11","modified_gmt":"2025-07-30T11:46:11","slug":"shym-annonce-sa-transformation-jai-toujours-reve-detre-un-garcon","status":"publish","type":"post","link":"https:\/\/www.europesays.com\/fr\/284215\/","title":{"rendered":"Shy\u2019m annonce sa transformation\u00a0: \u00ab\u00a0J\u2019ai toujours r\u00eav\u00e9 d\u2019\u00eatre un gar\u00e7on&#8230;\u00a0\u00bb"},"content":{"rendered":"<p>      R\u00e9sum\u00e9<\/p>\n<p>Shy\u2019m fait partie de l&rsquo;aventure \u00ab\u00a0Drag Race\u00a0\u00bb cet \u00e9t\u00e9 sur France 2 en tant que membre du jury. Ce 31 juillet, elle d\u00e9voilera un nouveau look encore jamais vu.<\/p>\n<p>        Sommaire<\/p>\n<p>Voil\u00e0 trois ans que France T\u00e9l\u00e9visions s&rsquo;est lanc\u00e9 un d\u00e9fi fou\u00a0: diffuser sur le service public <strong><a href=\"https:\/\/www.public.fr\/marion-cotillard-en-larmes-dans-drag-race-pourquoi-elle-a-change-la-vie-de-cette-candidate\" target=\"_blank\" rel=\"noopener\">un concours de \u00ab\u00a0Drag Queen\u00a0\u00bb<\/a><\/strong> intitul\u00e9 Drag Race France. Trois ans plus tard, non seulement, <a href=\"https:\/\/www.public.fr\/marion-cotillard-surprise-elle-debarque-dans-drag-race-france-sur-france-2\" target=\"_blank\" rel=\"noopener\">le programme<\/a> cartonne toujours mais, en plus, France 2 a d\u00e9cid\u00e9 de lancer <strong>le 10\u00a0juillet dernier<\/strong> une version \u00ab\u00a0All Stars\u00a0\u00bb. Ainsi, depuis cette date, <strong>deux Drag ont \u00e9t\u00e9 \u00e9limin\u00e9es<\/strong>\u00a0: Magn\u00e9tica et Soa de Muse. Cette fois, afin de les d\u00e9partager, le jury est compos\u00e9 de la drag <strong>Nicky Doll<\/strong>, de <a href=\"https:\/\/www.public.fr\/jai-decide-de-me-mettre-a-nu-daphne-burki-devoile-sa-poitrine-pour-une-raison-bien-particuliere\" target=\"_blank\" rel=\"noopener\">l&rsquo;animatrice <strong>Daphn\u00e9 B\u00fcrki<\/strong><\/a>, du sp\u00e9cialiste de la mode <strong>Lo\u00efc Prigent <\/strong>et de <a href=\"https:\/\/www.public.fr\/shym-et-jeremy-frerot-en-plein-road-trip-la-chanteuse-apparait-entierement-nue-dans-le-van-du-chanteur\" target=\"_blank\" rel=\"noopener\">la chanteuse et actrice <strong>Shy&rsquo;m<\/strong><\/a>.<\/p>\n<p>Autant dire que ce 31\u00a0juillet, <a href=\"https:\/\/www.public.fr\/diaporamas\/shym-devoile-son-impressionnante-collection-de-tatouages-dont-un-place-dans-une-partie-du-corps-surprenante\" target=\"_blank\" rel=\"noopener\">l&rsquo;artiste de 39 ans<\/a> <strong>devrait surprendre les t\u00e9l\u00e9spectateurs<\/strong>. En effet, \u00e0 l&rsquo;occasion du quatri\u00e8me prime, elle appara\u00eetra sur le plateau de l&rsquo;\u00e9mission compl\u00e8tement <strong>m\u00e9tamorphos\u00e9e<\/strong>. Un look auquel on pourrait sans h\u00e9siter accoler les paroles de ce tube de <a href=\"https:\/\/www.public.fr\/dj-snake-et-mylene-farmer-la-photo-qui-enflamme-la-toile\" target=\"_blank\" rel=\"noopener\">Myl\u00e8ne Farmer<\/a>\u00a0: \u00ab\u00a0Puisqu&rsquo;il faut choisir, \u00e0 mots doux je peux le dire. <strong>Sans contrefa\u00e7on, je suis un gar\u00e7on\u2026<\/strong>\u00ab\u00a0.<\/p>\n<p>Shy&rsquo;m a opt\u00e9 pour <strong>un look 100\u00a0% androgyne<\/strong>. <a href=\"https:\/\/www.public.fr\/shy-m-ces-nouvelles-photos-de-son-fils-tahoma-plus-style-que-jamais-affolent-la-toile\" target=\"_blank\" rel=\"noopener\">La maman du petit Tahoma<\/a> appara\u00eet alors sur ce clich\u00e9 portant une veste de costume masculin et un kilt et des cheveux coup\u00e9s \u00e0 la gar\u00e7onne. En l\u00e9gende, <a href=\"https:\/\/www.public.fr\/helena-noguerra-grand-mere-son-lien-familial-oublie-avec-shy-m\" target=\"_blank\" rel=\"noopener\">cette derni\u00e8re<\/a> a fait savoir ce qu&rsquo;elle a pens\u00e9 de sa transformation. \u00ab\u00a0<strong>Quelle jouissance<\/strong> de pouvoir aller dans toutes les directions <strong>sans carcan, sans jugement<\/strong>, juste le plaisir de l\u2019Art et de l\u2019exploration\u2026 C\u2019est aussi \u00e7a Dragrace. C\u2019est surtout \u00e7a. <strong>Se sentir libre. Libre d\u2019\u00eatre. Libre d\u2019\u00eatre soit<\/strong>. Quelque soit le Moi. <strong>J\u2019ai toujours r\u00eav\u00e9 d\u2019\u00eatre un gar\u00e7on<\/strong>\u00ab\u00a0, a-t-elle confi\u00e9 en guise de conclusion.<\/p>\n<p>Shy&rsquo;m fi\u00e8re d&rsquo;\u00eatre \u00ab\u00a0un gar\u00e7on\u00a0\u00bb\u00a0: mais au fait, que devient-elle\u00a0?<\/p>\n<p>\u00c0 la TV, <a href=\"https:\/\/www.google.com\/url?sa=t&amp;source=web&amp;rct=j&amp;opi=89978449&amp;url=https:\/\/vsd.fr\/84578-jarrive-a-tenir-grace-au-soutien-de-mon-entourage-shym-epuisee-passe-aux-aveux\/&amp;ved=2ahUKEwid9Zjdo-SOAxXzSkEAHaWKAnsQFnoECBgQAQ&amp;usg=AOvVaw049QUix2omEh-rXBkQkHnV\" target=\"_blank\" rel=\"noopener\">la ch\u00e9rie de J\u00e9r\u00e9my Fr\u00e9rot<\/a> appara\u00eet chaque semaine dans \u00ab\u00a0Drag Race All Stars\u00a0\u00bb. \u00c0 la TV encore, Shy&rsquo;m sera prochainement \u00e0 l&rsquo;affiche de la <strong>deuxi\u00e8me saison de la s\u00e9rie de TF1 Cat&rsquo;s Eyes<\/strong> dans laquelle elle incarnera Gwen Assaya. Mais <strong>quid de la musique\u00a0?<\/strong> Le dernier album de <a href=\"https:\/\/www.google.com\/url?sa=t&amp;source=web&amp;rct=j&amp;opi=89978449&amp;url=https:\/\/vsd.fr\/77016-limpression-que-je-vais-mourir-shym-victime-dune-phobie-rare\/&amp;ved=2ahUKEwid9Zjdo-SOAxXzSkEAHaWKAnsQFnoECBYQAQ&amp;usg=AOvVaw2dkiJMnAL-eB5pO16whhvL\" target=\"_blank\" rel=\"noopener\">la chanteuse<\/a> intitul\u00e9 <strong>Agap\u00e9 est sorti en 2019<\/strong> et a \u00e9t\u00e9 suivi d&rsquo;une tourn\u00e9e. Mais depuis, plus rien et ses fans commencent \u00e0 s&rsquo;impatienter. Toutefois, qu&rsquo;ils se rassurent. <\/p>\n<p>En effet, r\u00e9cemment, dans les colonnes de Ouest-France, <a href=\"https:\/\/www.google.com\/url?sa=t&amp;source=web&amp;rct=j&amp;opi=89978449&amp;url=https:\/\/vsd.fr\/75767-shym-de-retour-dans-le-jury-dune-emission-tele\/&amp;ved=2ahUKEwid9Zjdo-SOAxXzSkEAHaWKAnsQFnoECCkQAQ&amp;usg=AOvVaw1r-3yhHodhshb7xUz6B_wk\" target=\"_blank\" rel=\"noopener\">la jolie brune<\/a> a annonc\u00e9 <strong>plusieurs bonnes nouvelle<\/strong>s. \u00ab\u00a0<strong>Je recule mon projet d\u2019album encore un peu<\/strong>. Mes titres sont pr\u00eats. Malgr\u00e9 tout, il y a un rendez-vous qui sera incontournable\u00a0: <strong>mes vingt\u00a0ans de carri\u00e8re, l\u2019an prochain<\/strong>. Il faudra que je retrouve mon public, d\u2019une fa\u00e7on ou d\u2019une autre\u00a0\u00bb, a-t-elle assur\u00e9. C&rsquo;est donc officiel, Shy&rsquo;m va bient\u00f4t reprendre le micro.<\/p>\n<p>      Mentionn\u00e9s dans cet article<\/p>\n<p>\u00c0 lire aussi<\/p>\n","protected":false},"excerpt":{"rendered":"R\u00e9sum\u00e9 Shy\u2019m fait partie de l&rsquo;aventure \u00ab\u00a0Drag Race\u00a0\u00bb cet \u00e9t\u00e9 sur France 2 en tant que membre du&hellip;\n","protected":false},"author":2,"featured_media":284216,"comment_status":"","ping_status":"","sticky":false,"template":"","format":"standard","meta":{"footnotes":""},"categories":[1359],"tags":[903,33384,58,26643,59,1011,27,2400,594,16751,973,32262],"class_list":{"0":"post-284215","1":"post","2":"type-post","3":"status-publish","4":"format-standard","5":"has-post-thumbnail","7":"category-people","8":"tag-concours","9":"tag-daphne-burki","10":"tag-divertissement","11":"tag-drag-race-france","12":"tag-entertainment","13":"tag-fr","14":"tag-france","15":"tag-france-televisions","16":"tag-france-2","17":"tag-look","18":"tag-people","19":"tag-shym"},"share_on_mastodon":{"url":"https:\/\/pubeurope.com\/@fr\/114942023046706388","error":""},"_links":{"self":[{"href":"https:\/\/www.europesays.com\/fr\/wp-json\/wp\/v2\/posts\/284215","targetHints":{"allow":["GET"]}}],"collection":[{"href":"https:\/\/www.europesays.com\/fr\/wp-json\/wp\/v2\/posts"}],"about":[{"href":"https:\/\/www.europesays.com\/fr\/wp-json\/wp\/v2\/types\/post"}],"author":[{"embeddable":true,"href":"https:\/\/www.europesays.com\/fr\/wp-json\/wp\/v2\/users\/2"}],"replies":[{"embeddable":true,"href":"https:\/\/www.europesays.com\/fr\/wp-json\/wp\/v2\/comments?post=284215"}],"version-history":[{"count":0,"href":"https:\/\/www.europesays.com\/fr\/wp-json\/wp\/v2\/posts\/284215\/revisions"}],"wp:featuredmedia":[{"embeddable":true,"href":"https:\/\/www.europesays.com\/fr\/wp-json\/wp\/v2\/media\/284216"}],"wp:attachment":[{"href":"https:\/\/www.europesays.com\/fr\/wp-json\/wp\/v2\/media?parent=284215"}],"wp:term":[{"taxonomy":"category","embeddable":true,"href":"https:\/\/www.europesays.com\/fr\/wp-json\/wp\/v2\/categories?post=284215"},{"taxonomy":"post_tag","embeddable":true,"href":"https:\/\/www.europesays.com\/fr\/wp-json\/wp\/v2\/tags?post=284215"}],"curies":[{"name":"wp","href":"https:\/\/api.w.org\/{rel}","templated":true}]}}